{"id":28354,"date":"2021-04-02T02:45:13","date_gmt":"2021-04-02T02:45:13","guid":{"rendered":"https:\/\/antonini.med.br\/?p=28354"},"modified":"2022-02-15T02:38:12","modified_gmt":"2022-02-15T02:38:12","slug":"a-revolta-do-cpf","status":"publish","type":"post","link":"https:\/\/antonini.psc.br\/?p=28354","title":{"rendered":"A revolta do CPF"},"content":{"rendered":"<p style=\"text-align: justify;\">O Minist\u00e9rio da Sa\u00fade incluiu um campo para preenchimento do n\u00famero do CPF (cadastro de pessoa f\u00edsica) dos contaminados e dos mortos por B34.2 (CID \u2013 c\u00f3digo internacional de doen\u00e7as \u2013 do Covid-19), exigindo seu preenchimento, gerando, com isso, uma verdadeira guerra de acusa\u00e7\u00f5es de parte dos operadores de sa\u00fade, principalmente dos hospitais ou empresas de sa\u00fade privados conveniados ao Sistema \u00danico de Sa\u00fade (SUS) de que o governo objetivava dificultar ou falsear os n\u00fameros de mortos pela praga chinesa, mas a verdade \u00e9 bem outra: a declara\u00e7\u00e3o do CPF dos doentes e\/ou mortos co\u00edbe a fraude e facilita a sua investiga\u00e7\u00e3o.<!--more--><\/p>\n<p style=\"text-align: justify;\">Deste o in\u00edcio do pandem\u00f4nio em que se transformou esta epidemia de v\u00edrus requentados pela China este s\u00edtio vem alertando e chamando a aten\u00e7\u00e3o para a possibilidade de atribui\u00e7\u00f5es falsas de diagn\u00f3sticos de covid-19, fato que j\u00e1 apareceu at\u00e9 na televis\u00e3o portuguesa (assista aqui), refor\u00e7ando mais uma vez a posi\u00e7\u00e3o de p\u00e1ria do Brasil no cen\u00e1rio internacional.<\/p>\n<p>Hospitais privados conveniados ao SUS fizeram, ate agora, fortunas declarando B34.2 nas autoriza\u00e7\u00f5es de interna\u00e7\u00e3o hospitalar (AIH) e nas faturas de presta\u00e7\u00e3o de servi\u00e7os ao SUS e n\u00e3o querem perder a teta dos impostos arrancados do contribuinte.<\/p>\n<p style=\"text-align: justify;\">Mat\u00e9rias relacionadas:<\/p>\n<ul>\n<li style=\"text-align: justify;\"><a href=\"?p=28359\">Onde aparece mais \u00f3bitos por CoVid-19?<\/a><\/li>\n<\/ul>\n<p style=\"text-align: center;\">[<a href=\"javascript:history.go(-1)\">Voltar<\/a>]<\/p>\n","protected":false},"excerpt":{"rendered":"<p>O Minist\u00e9rio da Sa\u00fade incluiu um campo para preenchimento do n\u00famero do CPF (cadastro de pessoa f\u00edsica) dos contaminados e dos mortos por B34.2 (CID \u2013 c\u00f3digo internacional de doen\u00e7as \u2013 do Covid-19), exigindo seu preenchimento, gerando, com isso, uma verdadeira guerra de acusa\u00e7\u00f5es de parte dos operadores de sa\u00fade, principalmente dos hospitais ou empresas [&hellip;]<\/p>\n","protected":false},"author":1,"featured_media":0,"comment_status":"open","ping_status":"open","sticky":false,"template":"","format":"standard","meta":{"footnotes":""},"categories":[27],"tags":[],"class_list":["post-28354","post","type-post","status-publish","format-standard","hentry","category-noticias"],"_links":{"self":[{"href":"https:\/\/antonini.psc.br\/index.php?rest_route=\/wp\/v2\/posts\/28354","targetHints":{"allow":["GET"]}}],"collection":[{"href":"https:\/\/antonini.psc.br\/index.php?rest_route=\/wp\/v2\/posts"}],"about":[{"href":"https:\/\/antonini.psc.br\/index.php?rest_route=\/wp\/v2\/types\/post"}],"author":[{"embeddable":true,"href":"https:\/\/antonini.psc.br\/index.php?rest_route=\/wp\/v2\/users\/1"}],"replies":[{"embeddable":true,"href":"https:\/\/antonini.psc.br\/index.php?rest_route=%2Fwp%2Fv2%2Fcomments&post=28354"}],"version-history":[{"count":3,"href":"https:\/\/antonini.psc.br\/index.php?rest_route=\/wp\/v2\/posts\/28354\/revisions"}],"predecessor-version":[{"id":28362,"href":"https:\/\/antonini.psc.br\/index.php?rest_route=\/wp\/v2\/posts\/28354\/revisions\/28362"}],"wp:attachment":[{"href":"https:\/\/antonini.psc.br\/index.php?rest_route=%2Fwp%2Fv2%2Fmedia&parent=28354"}],"wp:term":[{"taxonomy":"category","embeddable":true,"href":"https:\/\/antonini.psc.br\/index.php?rest_route=%2Fwp%2Fv2%2Fcategories&post=28354"},{"taxonomy":"post_tag","embeddable":true,"href":"https:\/\/antonini.psc.br\/index.php?rest_route=%2Fwp%2Fv2%2Ftags&post=28354"}],"curies":[{"name":"wp","href":"https:\/\/api.w.org\/{rel}","templated":true}]}}