{"id":28415,"date":"2021-01-16T04:07:27","date_gmt":"2021-01-16T04:07:27","guid":{"rendered":"https:\/\/antonini.med.br\/?p=28415"},"modified":"2022-02-15T02:38:13","modified_gmt":"2022-02-15T02:38:13","slug":"aonde-vamos-parar-desse-jeito","status":"publish","type":"post","link":"https:\/\/antonini.psc.br\/?p=28415","title":{"rendered":"Aonde vamos parar desse jeito?"},"content":{"rendered":"<p style=\"text-align: justify;\">Pesquisando editais de concursos p\u00fablicos para a carreira docente da Uni\u00e3o, deparei-me com algo vergonhoso e repugnante, um aut\u00eantico e inquestion\u00e1vel ato racista.<!--more--><\/p>\n<p style=\"text-align: justify;\">Diversos editais de uma determinada Institui\u00e7\u00e3o Federal de Ensino Superior (IFES) ofertam vagas para diversas disciplinas de seu quadro, mas algumas delas est\u00e3o reservadas exclusivamente para negros, informa\u00e7\u00e3o expl\u00edcita no documento, e ainda, a titula\u00e7\u00e3o m\u00ednima exigida \u00e9 ter mestrado na \u00e1rea de conhecimento, enquanto para as demais vagas de livre concorr\u00eancia (todas as cores de pele podem concorrer) o m\u00ednimo exigido \u00e9 doutorado.<\/p>\n<p style=\"text-align: justify;\"><strong>O que pensar disso?<\/strong><br \/>\nInfere n\u00e3o tratar-se apenas de reconhecimento do racismo, institucionalizado pela nojenta e vergonhosa lei de cotas raciais, mas a redu\u00e7\u00e3o da exig\u00eancia de titula\u00e7\u00e3o m\u00ednima insinua inferioridade intelectual dos negros frente aos brancos, algo inaceit\u00e1vel nos dom\u00ednios acad\u00eamicos e cient\u00edficos.<\/p>\n<p style=\"text-align: justify;\">As tais pol\u00edticas afirmativas gestadas e paridas nos governos petistas n\u00e3o passam de odiosos e hediondos instrumentos de segrega\u00e7\u00e3o racial e fomenta\u00e7\u00e3o de luta de classes cujo objetivo \u00e9 unicamente enfraquecer a sociedade pela luta fratricida entre irm\u00e3os e facilitar a implanta\u00e7\u00e3o do escravizante e assassino regime socialista, nome bonito para disfar\u00e7ar o comunismo que matou mais, at\u00e9 hoje e no mundo inteiro, que todas as guerras e epidemias dos s\u00e9culos XIX e XX somadas.<\/p>\n<p style=\"text-align: justify;\"><strong>Parem com isso racistas!<\/strong><br \/>\nOu logo seremos t\u00e3o miser\u00e1veis quanto o Haiti, Bangladesh, Venezuela e demais pa\u00edses comunistas.<\/p>\n<p style=\"text-align: center;\">[<a href=\"javascript:history.go(-1)\">Voltar<\/a>]<\/p>\n","protected":false},"excerpt":{"rendered":"<p>Pesquisando editais de concursos p\u00fablicos para a carreira docente da Uni\u00e3o, deparei-me com algo vergonhoso e repugnante, um aut\u00eantico e inquestion\u00e1vel ato racista.<\/p>\n","protected":false},"author":1,"featured_media":0,"comment_status":"open","ping_status":"open","sticky":false,"template":"","format":"standard","meta":{"footnotes":""},"categories":[27],"tags":[],"class_list":["post-28415","post","type-post","status-publish","format-standard","hentry","category-noticias"],"_links":{"self":[{"href":"https:\/\/antonini.psc.br\/index.php?rest_route=\/wp\/v2\/posts\/28415","targetHints":{"allow":["GET"]}}],"collection":[{"href":"https:\/\/antonini.psc.br\/index.php?rest_route=\/wp\/v2\/posts"}],"about":[{"href":"https:\/\/antonini.psc.br\/index.php?rest_route=\/wp\/v2\/types\/post"}],"author":[{"embeddable":true,"href":"https:\/\/antonini.psc.br\/index.php?rest_route=\/wp\/v2\/users\/1"}],"replies":[{"embeddable":true,"href":"https:\/\/antonini.psc.br\/index.php?rest_route=%2Fwp%2Fv2%2Fcomments&post=28415"}],"version-history":[{"count":1,"href":"https:\/\/antonini.psc.br\/index.php?rest_route=\/wp\/v2\/posts\/28415\/revisions"}],"predecessor-version":[{"id":28416,"href":"https:\/\/antonini.psc.br\/index.php?rest_route=\/wp\/v2\/posts\/28415\/revisions\/28416"}],"wp:attachment":[{"href":"https:\/\/antonini.psc.br\/index.php?rest_route=%2Fwp%2Fv2%2Fmedia&parent=28415"}],"wp:term":[{"taxonomy":"category","embeddable":true,"href":"https:\/\/antonini.psc.br\/index.php?rest_route=%2Fwp%2Fv2%2Fcategories&post=28415"},{"taxonomy":"post_tag","embeddable":true,"href":"https:\/\/antonini.psc.br\/index.php?rest_route=%2Fwp%2Fv2%2Ftags&post=28415"}],"curies":[{"name":"wp","href":"https:\/\/api.w.org\/{rel}","templated":true}]}}