{"id":28511,"date":"2020-12-19T04:47:12","date_gmt":"2020-12-19T04:47:12","guid":{"rendered":"https:\/\/antonini.med.br\/?p=28511"},"modified":"2022-02-15T02:38:13","modified_gmt":"2022-02-15T02:38:13","slug":"hoje-19-de-dezembro-e-aniversario-da-universidade-do-parana","status":"publish","type":"post","link":"https:\/\/antonini.psc.br\/?p=28511","title":{"rendered":"Hoje, 19 de dezembro, \u00e9 anivers\u00e1rio da Universidade do Paran\u00e1"},"content":{"rendered":"<p style=\"text-align: justify;\">Fundada \u00e0 19 de dezembro de 1912, dia em que se comemora tamb\u00e9m a emancipa\u00e7\u00e3o do Estado do Paran\u00e1, 59 anos antes, em 1853, a Universidade do Paran\u00e1, mais antiga universidade brasileira, come\u00e7ou como uma institui\u00e7\u00e3o particular de ensino superior fundada por um grupo de profissionais liderados pelo Dr. Vitor Ferreira do Amaral, sendo federalizada em 1949.<!--more--><\/p>\n<p style=\"text-align: justify;\">Parab\u00e9ns, Universidade Federal do Paran\u00e1, da qual me orgulho ter sido aluno de gradua\u00e7\u00e3o e de mestrado.<\/p>\n<p style=\"text-align: justify;\">Saiba mais sobre a hist\u00f3ria da Universidade do Paran\u00e1 <a href=\"?p=28513\">aqui<\/a><\/p>\n<p style=\"text-align: center;\">[<a href=\"javascript:history.go(-1)\">Voltar<\/a>]<\/p>\n","protected":false},"excerpt":{"rendered":"<p>Fundada \u00e0 19 de dezembro de 1912, dia em que se comemora tamb\u00e9m a emancipa\u00e7\u00e3o do Estado do Paran\u00e1, 59 anos antes, em 1853, a Universidade do Paran\u00e1, mais antiga universidade brasileira, come\u00e7ou como uma institui\u00e7\u00e3o particular de ensino superior &hellip; <a href=\"https:\/\/antonini.psc.br\/?p=28511\">Continue lendo <span class=\"meta-nav\">&rarr;<\/span><\/a><\/p>\n","protected":false},"author":1,"featured_media":0,"comment_status":"open","ping_status":"open","sticky":false,"template":"","format":"standard","meta":{"footnotes":""},"categories":[27],"tags":[],"class_list":["post-28511","post","type-post","status-publish","format-standard","hentry","category-noticias"],"_links":{"self":[{"href":"https:\/\/antonini.psc.br\/index.php?rest_route=\/wp\/v2\/posts\/28511","targetHints":{"allow":["GET"]}}],"collection":[{"href":"https:\/\/antonini.psc.br\/index.php?rest_route=\/wp\/v2\/posts"}],"about":[{"href":"https:\/\/antonini.psc.br\/index.php?rest_route=\/wp\/v2\/types\/post"}],"author":[{"embeddable":true,"href":"https:\/\/antonini.psc.br\/index.php?rest_route=\/wp\/v2\/users\/1"}],"replies":[{"embeddable":true,"href":"https:\/\/antonini.psc.br\/index.php?rest_route=%2Fwp%2Fv2%2Fcomments&post=28511"}],"version-history":[{"count":1,"href":"https:\/\/antonini.psc.br\/index.php?rest_route=\/wp\/v2\/posts\/28511\/revisions"}],"predecessor-version":[{"id":28515,"href":"https:\/\/antonini.psc.br\/index.php?rest_route=\/wp\/v2\/posts\/28511\/revisions\/28515"}],"wp:attachment":[{"href":"https:\/\/antonini.psc.br\/index.php?rest_route=%2Fwp%2Fv2%2Fmedia&parent=28511"}],"wp:term":[{"taxonomy":"category","embeddable":true,"href":"https:\/\/antonini.psc.br\/index.php?rest_route=%2Fwp%2Fv2%2Fcategories&post=28511"},{"taxonomy":"post_tag","embeddable":true,"href":"https:\/\/antonini.psc.br\/index.php?rest_route=%2Fwp%2Fv2%2Ftags&post=28511"}],"curies":[{"name":"wp","href":"https:\/\/api.w.org\/{rel}","templated":true}]}}