{"id":28513,"date":"1997-09-12T04:52:37","date_gmt":"1997-09-12T04:52:37","guid":{"rendered":"https:\/\/antonini.med.br\/?p=28513"},"modified":"2022-02-15T03:30:16","modified_gmt":"2022-02-15T03:30:16","slug":"a-faculdade-de-pharmacya-da-universidade-do-parana","status":"publish","type":"post","link":"https:\/\/antonini.psc.br\/?p=28513","title":{"rendered":"A Faculdade de Pharmacya da Universidade do Paran\u00e1"},"content":{"rendered":"<p style=\"text-align: justify;\">A<strong> quinta ESCOLA DE FARM\u00c1CIA<\/strong> do Brasil foi a da <strong>UNIVERSIDADE DO PARAN\u00c1<\/strong>.<!--more--><\/p>\n<p style=\"text-align: justify;\"><span class=\"shutterset_singlepic688\"> <img decoding=\"async\" class=\"ngg-singlepic ngg-left alignleft\" title=\"Bras\u00e3o da Universidade Federal do Paran\u00e1\" src=\"http:\/\/antonini.com.br\/img\/688.gif\" alt=\"Bras\u00e3o da Universidade Federal do Paran\u00e1\"\/><\/span> Fundada \u00e0 19 de dezembro de 1912, ocupando dois edif\u00edcios, o primeiro e principal, localizado \u00e0 Rua Comendador Ara\u00fajo, onde hoje funciona o Omar Center Shopping, e o segundo, um pr\u00e9dio centen\u00e1rio na Rua Coronel Dulc\u00eddio, 638, no atual bairro do batel, onde funcionavam os laborat\u00f3rios e onde funcionou a sede do <strong>Curso de Farm\u00e1cia<\/strong> at\u00e9 a desocupa\u00e7\u00e3o e entrega do im\u00f3vel, em julho de 1997, formou sua primeira turma de<strong> pharmac\u00eautycos <\/strong>em 1914, sob a dire\u00e7\u00e3o do <strong>Dr. VICTOR FERREIRA DO AMARAL<\/strong><strong>, <\/strong>tendo como paraninfo o <strong>Dr. NILO CAIRO DA SILVA <\/strong>e como formandos os Farmac\u00eauticos:<span id=\"more-6411\"><\/span><\/p>\n<ul style=\"text-align: justify;\">\n<li>Augusto Stellfeld<\/li>\n<li>Fl\u00e1vio Ribeiro<\/li>\n<li>Luiz de Ferrante<\/li>\n<li>Pl\u00ednio Carlberg.<\/li>\n<\/ul>\n<p style=\"text-align: justify;\">Criada em 1912, aproveitando a autoriza\u00e7\u00e3o da Lei Rivad\u00e1via, que tornou livre o ensino no Brasil, a Universidade Paran\u00e1 come\u00e7ou a funcionar em Janeiro de 1913, com os cursos de Farm\u00e1cia, Direito, Engenharia Civil, Agronomia e Odontologia. Os idealizadores lutaram com muita dificuldade desde a sele\u00e7\u00e3o do corpo docente, sede, mobili\u00e1rio, biblioteca e at\u00e9 convoca\u00e7\u00e3o dos primeiros alunos.<\/p>\n<p style=\"text-align: justify;\">Em 1913 iniciou-se a constru\u00e7\u00e3o do pr\u00e9dio da Pra\u00e7a Santos Andrade, sendo este escolhido s\u00edmbolo da cidade de Curitiba, em elei\u00e7\u00e3o patrocinada por uma institui\u00e7\u00e3o banc\u00e1ria e com o apoio de Prefeitura Municipal de Curitiba.<\/p>\n<p style=\"text-align: justify;\">Em 1918, a Universidade do Paran\u00e1 foi desmembrada em diversas faculdades para conseguir o reconhecimento federal, pois naquelas \u00e9pocas alegou-se que, segundo a mesma lei Rivad\u00e1via, apenas cidades com mais de 200.000 habitantes poderiam sediar universidades e como Curitiba contava apenas com cerca de 50.000 moradores, n\u00e3o poderia abrigar uma institui\u00e7\u00e3o desse porte, segundo o \u00f3rg\u00e3o central gestor da educa\u00e7\u00e3o, visto que n\u00e3o existia ainda o Minist\u00e9rio da Educa\u00e7\u00e3o, e por isso n\u00e3o se reconheceu a institui\u00e7\u00e3o UNIVERSIDADE DO PARAN\u00c1, mas apenas as Faculdades Isoladas de DIREITO, ENGENHARIA e MEDICINA, sendo a Faculdade de Farm\u00e1cia transformada em ESCOLA DE FARM\u00c1CIA e atrelada \u00e0 Faculdade de Medicina, permanecendo assim at\u00e9 1949, quando Curitiba atingiu a cifra exigida para a forma\u00e7\u00e3o da UNIVERSIDADE e ela foi finalmente reconhecida como tal. Os cariocas alegam que a Universidade Federal do Rio de Janeiro \u00e9 a mais antiga por ter sido fundada em 1948, mas nesse mesmo ano, a nossa Universidade do Paran\u00e1 formou diversas turmas. Nada, muito menos ningu\u00e9m, tira o m\u00e9rito da nossa Universidade do Paran\u00e1 ser a mais antiga do pa\u00eds.<\/p>\n<p style=\"text-align: justify;\">Hoje ela conta com cerca de 18.000 estudantes de gradua\u00e7\u00e3o e mais algumas centenas de alunos de cursos de p\u00f3s-gradua\u00e7\u00e3o em seus tr\u00eas n\u00edveis: <strong><em>especializa\u00e7\u00e3o (Lato-sensu), mestrado <\/em><\/strong>e<strong><em> doutorado (ambos Stricto-sensu).<\/em><\/strong> Distribui-se por tr\u00eas campi (Centro Polit\u00e9cnico, Setor de Ci\u00eancias Agr\u00e1rias e Sub-Sede do Setor de Ci\u00eancias da Sa\u00fade) dentro da cidade de Curitiba e mais outros dois fora da cidade (Setor de Biologia Marinha, no litoral paranaense e Campus Avan\u00e7ado da cidade de Palotina), bem como possui ainda diversos n\u00facleos como: Projeto Casa (Casa I no Hospital de Cl\u00ednicas; Casa II no n\u00facleo Profil\u00e1tico Prof. Pereira Filho e Casa III no Centro Polit\u00e9cnico) que presta atendimento de sa\u00fade aos estudantes e funcion\u00e1rios; Hospital de Cl\u00ednicas; Fazenda Experimental; Conjunto Reitoria. Conta com um sistema sofisticado de bibliotecas, sendo uma central e nove setoriais divididas pelos campi e que possibilita tamb\u00e9m servi\u00e7os de busca de mat\u00e9rias via Internet atrav\u00e9s de consulta ao acervo com entrada pela p\u00e1gina da Universidade Federal do Paran\u00e1 na Internet (atalho abaixo).<\/p>\n<p style=\"text-align: justify;\">Al\u00e9m dos aspectos culturais e did\u00e1ticos, a Universidade Federal do Paran\u00e1 projetou-se como uma organiza\u00e7\u00e3o dedicada \u00e0 presta\u00e7\u00e3o de servi\u00e7os comunit\u00e1rios especializados. Exemplos dessa pol\u00edtica s\u00e3o:<\/p>\n<ul style=\"text-align: justify;\">\n<li>a constru\u00e7\u00e3o do prot\u00f3tipo da Usina Hidrel\u00e9trica de Itaipu, a maior do mundo;<\/li>\n<li>escrit\u00f3rio jur\u00eddico, aberto \u00e0 comunidade e com atendimento judici\u00e1rio gratuito;<\/li>\n<li><a href=\"http:\/\/www.hc.ufpr.br\/\" target=\"_blank\" rel=\"noopener\">Hospital de Cl\u00ednicas<\/a>, que \u00e9 o seu hospital escola e que atende gratuitamente os pacientes vindos de todas as partes do Estado e at\u00e9 do pa\u00eds, sendo considerado refer\u00eancia nacional em Transplante de Medula \u00d3ssea;<\/li>\n<li>a Cl\u00ednica Odontol\u00f3gica, que atende gratuitamente \u00e0 popula\u00e7\u00e3o de baixa renda;<\/li>\n<li>a Farm\u00e1cia Escola, que comercializa medicamentos populares a pre\u00e7os de custo \u00e0 popula\u00e7\u00e3o acad\u00eamica, aos funcion\u00e1rios e tamb\u00e9m \u00e0 comunidade, bem como presta todo e qualquer tipo de informa\u00e7\u00e3o de sa\u00fade necess\u00e1ria;<\/li>\n<li>o laborat\u00f3rio da disciplina de Parasitologia Cl\u00ednica (uma das disciplinas da habilita\u00e7\u00e3o Farmac\u00eautico-Bioqu\u00edmico) que realiza exames parasitol\u00f3gicos de fezes dos estudantes das escolas p\u00fablicas da periferia de Curitiba e ainda realizava as Caravanas de Combate as Parasitoses pelo Paran\u00e1 a dentro, sob a responsabilidade do Farmac\u00eautico-bioqu\u00edmico <strong>Prof. Rog\u00e9rio Lu\u00eds Kopp<\/strong>, tendo estas sido extintas devido aos cortes de verbas e ao desinteresse governamental, e muitos outros servi\u00e7os.<\/li>\n<\/ul>\n<p style=\"text-align: justify;\">A <strong>UNIVERSIDADE DO PARAN\u00c1<\/strong>, hoje <strong>UNIVERSIDADE FEDERAL DO PARAN\u00c1<\/strong> continua, mesmo decorridas mais de oito d\u00e9cadas desde a sua funda\u00e7\u00e3o, a graduar seus alunos investindo-os nos mais augustos e elevados princ\u00edpios da moral e da raz\u00e3o, bem como imbuindo-os dos ideais de justi\u00e7a, igualdade, liberdade e fraternidade daqueles que a fundaram.<\/p>\n<p style=\"text-align: justify;\"><strong>Visitem a p\u00e1gina da <\/strong><a href=\"http:\/\/www.ufpr.br\/\" target=\"_blank\" rel=\"noopener\"><strong>UNIVERSIDADE FEDERAL DO PARAN\u00c1<\/strong><\/a><strong> na Internet <\/strong><\/p>\n<p style=\"text-align: center;\">[<a href=\"javascript:history.go(-1)\">Voltar<\/a>]<\/p>\n","protected":false},"excerpt":{"rendered":"<p>A quinta ESCOLA DE FARM\u00c1CIA do Brasil foi a da UNIVERSIDADE DO PARAN\u00c1.<\/p>\n","protected":false},"author":1,"featured_media":0,"comment_status":"open","ping_status":"open","sticky":false,"template":"","format":"standard","meta":{"footnotes":""},"categories":[27],"tags":[],"class_list":["post-28513","post","type-post","status-publish","format-standard","hentry","category-noticias"],"_links":{"self":[{"href":"https:\/\/antonini.psc.br\/index.php?rest_route=\/wp\/v2\/posts\/28513","targetHints":{"allow":["GET"]}}],"collection":[{"href":"https:\/\/antonini.psc.br\/index.php?rest_route=\/wp\/v2\/posts"}],"about":[{"href":"https:\/\/antonini.psc.br\/index.php?rest_route=\/wp\/v2\/types\/post"}],"author":[{"embeddable":true,"href":"https:\/\/antonini.psc.br\/index.php?rest_route=\/wp\/v2\/users\/1"}],"replies":[{"embeddable":true,"href":"https:\/\/antonini.psc.br\/index.php?rest_route=%2Fwp%2Fv2%2Fcomments&post=28513"}],"version-history":[{"count":1,"href":"https:\/\/antonini.psc.br\/index.php?rest_route=\/wp\/v2\/posts\/28513\/revisions"}],"predecessor-version":[{"id":28514,"href":"https:\/\/antonini.psc.br\/index.php?rest_route=\/wp\/v2\/posts\/28513\/revisions\/28514"}],"wp:attachment":[{"href":"https:\/\/antonini.psc.br\/index.php?rest_route=%2Fwp%2Fv2%2Fmedia&parent=28513"}],"wp:term":[{"taxonomy":"category","embeddable":true,"href":"https:\/\/antonini.psc.br\/index.php?rest_route=%2Fwp%2Fv2%2Fcategories&post=28513"},{"taxonomy":"post_tag","embeddable":true,"href":"https:\/\/antonini.psc.br\/index.php?rest_route=%2Fwp%2Fv2%2Ftags&post=28513"}],"curies":[{"name":"wp","href":"https:\/\/api.w.org\/{rel}","templated":true}]}}