{"id":28560,"date":"2020-11-23T05:58:32","date_gmt":"2020-11-23T05:58:32","guid":{"rendered":"https:\/\/antonini.med.br\/?p=28560"},"modified":"2022-02-15T02:38:13","modified_gmt":"2022-02-15T02:38:13","slug":"youtube-censurando-comentarios","status":"publish","type":"post","link":"https:\/\/antonini.psc.br\/?p=28560","title":{"rendered":"YouTube censurando coment\u00e1rios"},"content":{"rendered":"<p style=\"text-align: justify;\">\u201cPostei\u201d um mesmo coment\u00e1rio tr\u00eas vezes no v\u00eddeo do Alexandre Garcia e as tr\u00eas \u201cpostagens\u201d foram apagadas.<!--more--><\/p>\n<p style=\"text-align: center;\"><video controls=\"controls\" width=\"300\" height=\"420\"><source src=\"http:\/\/antonini.com.br\/mp4\/2740.mp4\" type=\"video\/mp4\"\/><\/video><\/p>\n<p style=\"text-align: justify;\">No v\u00eddeo acima \u00e9 poss\u00edvel ver o coment\u00e1rio sendo movido para a parte de baixo da tela e depois desaparecer.<\/p>\n<p style=\"text-align: justify;\">O coment\u00e1rio censurado foi este:<\/p>\n<p style=\"text-align: justify;\"><strong><em>\u201cEst\u00e3o fomentando uma guerra racial e quem levar\u00e1 a pior ser\u00e1 o negro. Com todo este culto aos negros e criminaliza\u00e7\u00e3o dos brancos, logo ningu\u00e9m mais ter\u00e1 coragem de sequer conversar com um negro, quanto mais contratar negros para trabalhar.<\/em><\/strong><\/p>\n<p style=\"text-align: justify;\"><strong><em>Os negros n\u00e3o passaram por nada do que os judeus passaram. J\u00e1 imaginaram se os judeus resolverem cobrar da humanidade os tr\u00eas mil anos de escravid\u00e3o e os massacres que sofreram? S\u00f3 no holocausto nazista, em seis anos, foram assassinadas mais judeus que todos os negros que foram traficados para o Brasil em 300 anos.<\/em><\/strong><\/p>\n<p style=\"text-align: justify;\"><strong><em>Hist\u00f3ria \u00e9 ci\u00eancia dos fatos. N\u00e3o adianta tentar dar jeitinho.<\/em><\/strong><\/p>\n<p style=\"text-align: justify;\"><strong><em>Acordem, irm\u00e3os negros. N\u00e3o se deixem manipular. Os \u00fanicos prejudicados ser\u00e3o voc\u00eas.\u201d<\/em><\/strong><\/p>\n<p style=\"text-align: justify;\">Onde est\u00e1 a garantia constitucional de livre manifesta\u00e7\u00e3o do pensamento sacramentado no art. 5\u00b0 da Constitui\u00e7\u00e3o Federal? Se o YouTube se aliena no direto de censurar, deixa de ser plataforma neutra e deve responder solidariamente, c\u00edvel e criminalmente, pelo conte\u00fado publicado.<\/p>\n<p style=\"text-align: justify;\">Assistam ao v\u00eddeo do grande Alexandre Garcia <a href=\"https:\/\/www.youtube.com\/watch?v=o7YBSOUToiE\" target=\"_blank\" rel=\"noopener\">aqui<\/a><\/p>\n<p style=\"text-align: center;\">[<a href=\"javascript:history.go(-1)\">Voltar<\/a>]<\/p>\n","protected":false},"excerpt":{"rendered":"<p>\u201cPostei\u201d um mesmo coment\u00e1rio tr\u00eas vezes no v\u00eddeo do Alexandre Garcia e as tr\u00eas \u201cpostagens\u201d foram apagadas.<\/p>\n","protected":false},"author":1,"featured_media":0,"comment_status":"open","ping_status":"open","sticky":false,"template":"","format":"standard","meta":{"footnotes":""},"categories":[27],"tags":[],"class_list":["post-28560","post","type-post","status-publish","format-standard","hentry","category-noticias"],"_links":{"self":[{"href":"https:\/\/antonini.psc.br\/index.php?rest_route=\/wp\/v2\/posts\/28560","targetHints":{"allow":["GET"]}}],"collection":[{"href":"https:\/\/antonini.psc.br\/index.php?rest_route=\/wp\/v2\/posts"}],"about":[{"href":"https:\/\/antonini.psc.br\/index.php?rest_route=\/wp\/v2\/types\/post"}],"author":[{"embeddable":true,"href":"https:\/\/antonini.psc.br\/index.php?rest_route=\/wp\/v2\/users\/1"}],"replies":[{"embeddable":true,"href":"https:\/\/antonini.psc.br\/index.php?rest_route=%2Fwp%2Fv2%2Fcomments&post=28560"}],"version-history":[{"count":3,"href":"https:\/\/antonini.psc.br\/index.php?rest_route=\/wp\/v2\/posts\/28560\/revisions"}],"predecessor-version":[{"id":28563,"href":"https:\/\/antonini.psc.br\/index.php?rest_route=\/wp\/v2\/posts\/28560\/revisions\/28563"}],"wp:attachment":[{"href":"https:\/\/antonini.psc.br\/index.php?rest_route=%2Fwp%2Fv2%2Fmedia&parent=28560"}],"wp:term":[{"taxonomy":"category","embeddable":true,"href":"https:\/\/antonini.psc.br\/index.php?rest_route=%2Fwp%2Fv2%2Fcategories&post=28560"},{"taxonomy":"post_tag","embeddable":true,"href":"https:\/\/antonini.psc.br\/index.php?rest_route=%2Fwp%2Fv2%2Ftags&post=28560"}],"curies":[{"name":"wp","href":"https:\/\/api.w.org\/{rel}","templated":true}]}}