{"id":2860,"date":"2009-04-27T09:57:46","date_gmt":"2009-04-27T09:57:46","guid":{"rendered":"http:\/\/antonini.med.br\/blog\/?p=2860"},"modified":"2022-02-15T03:29:21","modified_gmt":"2022-02-15T03:29:21","slug":"a-verdadeira-face-do-stf","status":"publish","type":"post","link":"https:\/\/antonini.psc.br\/?p=2860","title":{"rendered":"A verdadeira face do STF"},"content":{"rendered":"<p style=\"text-align: justify;\"><img loading=\"lazy\" decoding=\"async\" class=\"alignleft size-full wp-image-2861\" title=\"Min. Joaquim Barbosa\" src=\"http:\/\/heinzpechner.org\/blog\/wp-content\/uploads\/2009\/04\/juix.jpg\" alt=\"Min. Joaquim Barbosa\" width=\"250\" height=\"320\" \/>Ministro Joaquim Barbosa enfrenta isolamento.<\/p>\n<p style=\"margin: 0cm 0cm 0pt; text-align: justify;\">O maior dos problemas  do ministro Joaquim Barbosa no Supremo Tribunal Federal n\u00e3o \u00e9 de relacionamento  pessoal. Oriundo do Minist\u00e9rio P\u00fablico,Joaquim Barbosa n\u00e3o gosta que o  Judici\u00e1rio conteste as a\u00e7\u00f5es dos procuradores e da Pol\u00edcia Federal e acha que o  STF \u00e9 uma corte de &#8220;prote\u00e7\u00e3o dos ricos&#8221;.<\/p>\n<p style=\"text-align: justify;\">\n<p style=\"text-align: justify;\">Gilmar Mendes, Cezar  Peluso, Carlos Alberto Direito, Eros  Grau, Celso de Mello, Marco Aur\u00e9lio Mello, Ricardo Lewandowsky e C\u00e1rmen L\u00facia  formam uma maioria absoluta que isolou Joaquim Barbosa ao adotar uma linha em  defesa dos direitos individuais e contra a ideia de que a PF e o Minist\u00e9rio  P\u00fablico podem investigar e processar \u00e0 vontade. A a\u00e7\u00e3o do STF, comandada por  Gilmar Mendes, tem combatido, por exemplo, o que a maioria dos ministros  considera &#8220;decis\u00f5es abusivas&#8221; na decreta\u00e7\u00e3o de pris\u00f5es preventivas e  tempor\u00e1rias, nas opera\u00e7\u00f5es da PF.Como por exemplo, ap\u00f3iam Gilmar Mendes; ricos  n\u00e3o podem aparecerem algemados na TV.<!--more--><\/p>\n<p style=\"text-align: justify;\">A discuss\u00e3o de  quarta-feira explicitou a divis\u00e3o dentro do STF e o verdadeiro conflito: a  exist\u00eancia de um juiz disposto a exercer o of\u00edcio com base no chamado clamor  popular. Para a maioria dos ministros,Joaquim Barbosa reafirmou essa posi\u00e7\u00e3o ao  dizer a Gilmar Mendes que ele n\u00e3o est\u00e1 em sintonia com as ruas, devendo,  portanto, se pautar pelo sentimento popular.<\/p>\n<p style=\"text-align: justify;\">Numa sess\u00e3o de turma,  longe das c\u00e2meras da TV Justi\u00e7a, Joaquim Barbosa teve um dos mais s\u00e9rios embates  com Eros Grau. Ao criticar a concess\u00e3o de um habeas corpus para o advogado  Arnaldo Malheiros, que atua na defesa do banqueiro Edmar Cid Ferreira, do Banco  Santos, Barbosa disse que a decis\u00e3o fazia do Brasil uma &#8220;rep\u00fablica de  bananas&#8221;.<\/p>\n<p style=\"text-align: justify;\">Joaquim Barbosa se sente  desprestigiado e desrespeitado e queixa-se frequentemente de persegui\u00e7\u00e3o e da  maneira como \u00e9 tratado pelos colegas da corte, e n\u00e3o apenas por Gilmar Mendes. O  assunto chegou a ser discutido, de maneira descontra\u00edda, em um jantar na casa de  Eros Grau, na presen\u00e7a do Presidente Lula. O ministro \u00e9 visto pelos colegas mais  como um &#8220;procurador&#8221; e menos como um &#8220;jurista&#8221;.<\/p>\n<p style=\"margin: 0cm 0cm 0pt; text-align: justify;\">Para voc\u00ea escrever e  dar apoio ao ministro Joaquim Barbosa<\/p>\n<p style=\"text-align: justify;\">Joaquim Barbosa \u00e9: <a href=\"http:\/\/br.mc313.mail.yahoo.com\/mc\/compose?to=mjbarbosa@stf.gov.br\" target=\"_blank\" rel=\"noopener noreferrer\">mjbarbosa@stf.gov.br<\/a><\/p>\n<p style=\"text-align: justify;\">Para escrever aos demais ministros mostrando sua indigna\u00e7\u00e3o e rep\u00fadio, os emails s\u00e3o:<\/p>\n<ul>\n<li><a href=\"http:\/\/br.mc313.mail.yahoo.com\/mc\/compose?to=mgilmar@stf.gov.br\" target=\"_blank\" rel=\"noopener noreferrer\">mgilmar@stf.gov.br<\/a>;<\/li>\n<li><a href=\"http:\/\/br.mc313.mail.yahoo.com\/mc\/compose?to=macpeluso@stf.gov.br\" target=\"_blank\" rel=\"noopener noreferrer\">macpeluso@stf.gov.br<\/a>;<\/li>\n<li><a href=\"http:\/\/br.mc313.mail.yahoo.com\/mc\/compose?to=mcelso@stf.gov.br\" target=\"_blank\" rel=\"noopener noreferrer\">mcelso@stf.gov.br<\/a>;<\/li>\n<li><a href=\"http:\/\/br.mc313.mail.yahoo.com\/mc\/compose?to=mmarco@stf.gov.br\" target=\"_blank\" rel=\"noopener noreferrer\">mmarco@stf.gov.br<\/a>;<\/li>\n<li><a href=\"http:\/\/br.mc313.mail.yahoo.com\/mc\/compose?to=ellengracie@stf.gov.br\" target=\"_blank\" rel=\"noopener noreferrer\">ellengracie@stf.gov.br<\/a>;<\/li>\n<li><a href=\"http:\/\/br.mc313.mail.yahoo.com\/mc\/compose?to=gabcarlosbritto@stf.gov.br\" target=\"_blank\" rel=\"noopener noreferrer\">gabcarlosbritto@stf.gov.br<\/a>;<\/li>\n<li><a href=\"http:\/\/br.mc313.mail.yahoo.com\/mc\/compose?to=egrau@stf.gov.br\" target=\"_blank\" rel=\"noopener noreferrer\">egrau@stf.gov.br<\/a> ;<\/li>\n<li><a href=\"http:\/\/br.mc313.mail.yahoo.com\/mc\/compose?to=gabinete-lewandowski@stf.gov.br\" target=\"_blank\" rel=\"noopener noreferrer\">gabinete-lewandowski@stf.gov.br<\/a>;<\/li>\n<li><a href=\"http:\/\/br.mc313.mail.yahoo.com\/mc\/compose?to=clarocha@stf.gov.br\" target=\"_blank\" rel=\"noopener noreferrer\">clarocha@stf.gov.br<\/a>;<\/li>\n<li><a href=\"http:\/\/br.mc313.mail.yahoo.com\/mc\/compose?to=gabmdireito@stf.gov.br\" target=\"_blank\" rel=\"noopener noreferrer\">gabmdireito@stf.gov.br<\/a><\/li>\n<\/ul>\n<h2 style=\"text-align: justify;\">Joaquim Benedito  Barbosa Gomes<\/h2>\n<p style=\"text-align: justify;\">Joaquim Benedito Barbosa Gomes  (Paracatu, 7 de outubro de 1954) \u00e9 um jurista brasileiro; ministro do Supremo  Tribunal Federal do Brasil desde 25 de junho de 2003, quando nomeado pelo  presidente Luiz In\u00e1cio Lula da Silva. \u00c9 o \u00fanico negro entre os atuais ministros  do STF.<\/p>\n<p style=\"text-align: justify;\">Joaquim Barbosa nasceu em Paracatu,  noroeste de Minas Gerais. \u00c9 o primog\u00eanito de oito filhos. Pai pedreiro e m\u00e3e  dona de casa, passou a ser arrimo de fam\u00edlia quando estes se separaram. Aos 16  anos foi sozinho para Bras\u00edlia, arranjou emprego na gr\u00e1fica do Correio  Braziliense e terminou o segundo grau, sempre estudando em col\u00e9gio p\u00fablico.  Obteve seu bacharelado em Direito na Universidade de Bras\u00edlia, onde, em seguida,  obteve seu mestrado em Direito do Estado.<\/p>\n<p style=\"text-align: justify;\">Prestou concurso  p\u00fablico para Procurador da Rep\u00fablica, e foi aprovado. Licenciou-se do cargo e  foi estudar na Fran\u00e7a, por quatro anos, tendo obtido seu Mestrado em Direito  P\u00fablico pela Universidade de Paris-II (Panth\u00e9on-Assas) em 1990 e seu Doutorado  em Direito P\u00fablico pela Universidade de Paris-II (Panth\u00e9on-Assas) em 1993.  Retornou ao cargo de procurador no Rio de Janeiro e professor concursado da  Universidade do Estado do Rio de Janeiro. Foi Visiting Scholar no Human Rights  Institute da faculdade de direito da Universidade Columbia em Nova York  (1999 a  2000), e Visiting Scholar na Universidade da California, Los Angeles School of  Law (2002  a 2003). Fez estudos complementares de idiomas  estrangeiros no Brasil, na Inglaterra, nos Estados Unidos, na \u00c1ustria e na  Alemanha. \u00c9 fluente em franc\u00eas, ingl\u00eas e  alem\u00e3o.<\/p>\n<p style=\"text-align: justify;\">Demonstra coragem incondicional com  que se posiciona em certas quest\u00f5es. \u00c9 o \u00fanico ministro abertamente favor\u00e1vel \u00e0  legaliza\u00e7\u00e3o do aborto; \u00e9 contra o poder do Minist\u00e9rio P\u00fablico de arquivar  inqu\u00e9ritos administrativamente, ou de presidir inqu\u00e9ritos policiais. Defende que  se transfira a compet\u00eancia para julgar processos sobre trabalho escravo para a  Justi\u00e7a federal.<\/p>\n<p style=\"text-align: justify;\"><strong>Principais  posi\u00e7\u00f5es<\/strong><\/p>\n<p style=\"text-align: justify;\">Defende a tese de que despachar com  advogados deva ser uma exce\u00e7\u00e3o, e nunca uma rotina, para os ministros do  Supremo. Restringe ao m\u00e1ximo seu atendimento a advogados de partes, por entender  que essa liberalidade do juiz n\u00e3o pode favorecer a desigualdade. Insurge-se  contra a presta\u00e7\u00e3o preferencial de jurisdi\u00e7\u00e3o \u00e0s partes de maior poder  aquisitivo (&#8220;furar fila&#8221;). Essa sua postura tem lhe custado a antipatia dos  advogados de certas elites, habituados que est\u00e3o \u00e0 receptividade que seus nomes  lhes propiciam. Op\u00f5e-se ao foro privilegiado para  autoridades.<\/p>\n<h2 style=\"text-align: justify;\">Atua\u00e7\u00e3o no  STF<\/h2>\n<p style=\"text-align: justify;\"><strong>Mensal\u00e3o<\/strong><\/p>\n<p style=\"text-align: justify;\">Assumiu em  2006 a  relatoria da den\u00fancia contra os acusados do mensal\u00e3o feita pelo Procurador-Geral  da Rep\u00fablica, Antonio Fernando de Souza. Durante o julgamento defendeu a  aceita\u00e7\u00e3o das den\u00fancias contra os quarenta r\u00e9us do Mensal\u00e3o, o que foi aceito  pelo tribunal. O julgamento prossegue no Supremo, pelo menos at\u00e9 2010, podendo  at\u00e9 reverter o fato hist\u00f3rico de o STF, desde sua cria\u00e7\u00e3o em 1824, nunca ter  condenado nenhum pol\u00edtico.<\/p>\n<p style=\"text-align: justify;\">Em artigo comentando o julgamento,  a Revista Veja escreveu: \u201cO Brasil nunca teve um ministro como ele (&#8230;) No  julgamento hist\u00f3rico em que o STF p\u00f4s os mensaleiros (e o governo e o PT) no  banco dos r\u00e9us, Joaquim Barbosa foi a estrela \u2013 ele, o negro que fala alem\u00e3o, o  mineiro que dan\u00e7a forr\u00f3, o juiz que adora hist\u00f3ria e ternos de Los Angeles e  Paris&#8221;. Considerado pela Veja um \u201cLulista implac\u00e1vel\u201d a revista comentou: \u201cO  ministro Joaquim Barbosa, mineiro de 52 anos, votou em Lula, mas foi implac\u00e1vel  na den\u00fancia do mensal\u00e3o (&#8230;)&#8221;<\/p>\n<p style=\"text-align: justify;\">Nas 112 vota\u00e7\u00f5es que o tribunal  realizou durante o julgamento, o voto de Barbosa, como relator do processo, foi  seguido pelo de seus pares em todas as ocasi\u00f5es \u2013 e, em 96 delas, por  unanimidade.<\/p>\n<p style=\"text-align: justify;\"><strong>Ronaldo Cunha  Lima<\/strong><\/p>\n<p style=\"text-align: justify;\">Foi de sua iniciativa a abertura de  processo contra o deputado Ronaldo Cunha Lima, decis\u00e3o considerada hist\u00f3rica,  pois foi a primeira vez em que o STF abriu processo contra um parlamentar. No  dia seguinte, Cunha Lima renunciou ao mandato para escapar do processo, o que  provocou duras cr\u00edticas por parte de Joaquim  Barbosa[3].<\/p>\n<p style=\"text-align: justify;\">No pol\u00eamico julgamento das  c\u00e9lulas-tronco, Joaquim Barbosa votou a favor da libera\u00e7\u00e3o de seu uso para fins  de pesquisas[4].<\/p>\n<p style=\"text-align: justify;\"><strong>Atua\u00e7\u00e3o no  TSE<\/strong><\/p>\n<p style=\"text-align: justify;\">Tomou posse como vice-presidente do  Tribunal Superior Eleitoral no dia 6 de maio de 2008, sendo o presidente o  Ministro Carlos Ayres Britto.<\/p>\n<p style=\"text-align: justify;\">No mais pol\u00eamico julgamento desde  que tomou posse no tribunal, Joaquim Barbosa votou a favor da tese de que  pol\u00edticos condenados em primeira inst\u00e2ncia poderiam ter sua candidatura anulada,  sendo por\u00e9m voto vencido nesta quest\u00e3o. Fonte:<a href=\"http:\/\/pt.wikipedia.org\/wiki\/Joaquim_Barbosa\" target=\"_blank\" rel=\"noopener noreferrer\">Wikip\u00e9dia<\/a><\/p>\n<p style=\"text-align: justify;\">Enganou-se quem esperava um negro  submisso no STF, diz Joaquim Barbosa<\/p>\n<p style=\"text-align: justify;\">Joaquim Barbosa diz,  &#8220;n\u00e3o costuma silenciar quando presencia algo errado&#8221;. Ele critica, por exemplo,  os advogados de &#8220;certas elites&#8221; que monopolizam a agenda do Judici\u00e1rio,  inclusive no Supremo, marcando audi\u00eancias para pedir que seus processos sejam  julgados com prioridade, na frente de outros que entraram na Corte h\u00e1 mais  tempo.<\/p>\n<p style=\"text-align: justify;\"><strong>Apoio<\/strong><\/p>\n<p style=\"text-align: justify;\">&#8220;N\u00e3o temos  praticamente condena\u00e7\u00e3o por crime do colarinho branco. A lei processual permite,  a pessoas que podem pagar bons advogados, que conhecem o sistema penal,  eternizar as a\u00e7\u00f5es. O sentimento do Minist\u00e9rio P\u00fablico \u00e9 de completa  impunidade.&#8221;disse o subprocurador-geral da Rep\u00fablica, Wagner  Gon\u00e7alves.<\/p>\n<p style=\"text-align: justify;\">ACESSE ; <a href=\"http:\/\/zinhorachopi.blogspot.com\/\" target=\"_blank\" rel=\"noopener noreferrer\">http:\/\/zinhorachopi.blogspot.com\/<\/a><\/p>\n<p style=\"text-align: center;\">[<a href=\"javascript:history.go(-1)\">Voltar<\/a>]<\/p>\n","protected":false},"excerpt":{"rendered":"<p>Ministro Joaquim Barbosa enfrenta isolamento. O maior dos problemas do ministro Joaquim Barbosa no Supremo Tribunal Federal n\u00e3o \u00e9 de relacionamento pessoal. Oriundo do Minist\u00e9rio P\u00fablico,Joaquim Barbosa n\u00e3o gosta que o Judici\u00e1rio conteste as a\u00e7\u00f5es dos procuradores e da Pol\u00edcia Federal e acha que o STF \u00e9 uma corte de &#8220;prote\u00e7\u00e3o dos ricos&#8221;. Gilmar Mendes, [&hellip;]<\/p>\n","protected":false},"author":1,"featured_media":0,"comment_status":"open","ping_status":"open","sticky":false,"template":"","format":"standard","meta":{"footnotes":""},"categories":[27],"tags":[],"class_list":["post-2860","post","type-post","status-publish","format-standard","hentry","category-noticias"],"_links":{"self":[{"href":"https:\/\/antonini.psc.br\/index.php?rest_route=\/wp\/v2\/posts\/2860","targetHints":{"allow":["GET"]}}],"collection":[{"href":"https:\/\/antonini.psc.br\/index.php?rest_route=\/wp\/v2\/posts"}],"about":[{"href":"https:\/\/antonini.psc.br\/index.php?rest_route=\/wp\/v2\/types\/post"}],"author":[{"embeddable":true,"href":"https:\/\/antonini.psc.br\/index.php?rest_route=\/wp\/v2\/users\/1"}],"replies":[{"embeddable":true,"href":"https:\/\/antonini.psc.br\/index.php?rest_route=%2Fwp%2Fv2%2Fcomments&post=2860"}],"version-history":[{"count":1,"href":"https:\/\/antonini.psc.br\/index.php?rest_route=\/wp\/v2\/posts\/2860\/revisions"}],"predecessor-version":[{"id":27371,"href":"https:\/\/antonini.psc.br\/index.php?rest_route=\/wp\/v2\/posts\/2860\/revisions\/27371"}],"wp:attachment":[{"href":"https:\/\/antonini.psc.br\/index.php?rest_route=%2Fwp%2Fv2%2Fmedia&parent=2860"}],"wp:term":[{"taxonomy":"category","embeddable":true,"href":"https:\/\/antonini.psc.br\/index.php?rest_route=%2Fwp%2Fv2%2Fcategories&post=2860"},{"taxonomy":"post_tag","embeddable":true,"href":"https:\/\/antonini.psc.br\/index.php?rest_route=%2Fwp%2Fv2%2Ftags&post=2860"}],"curies":[{"name":"wp","href":"https:\/\/api.w.org\/{rel}","templated":true}]}}