{"id":29316,"date":"2013-11-15T11:58:47","date_gmt":"2013-11-15T11:58:47","guid":{"rendered":"http:\/\/antonini.med.br\/blog\/?p=20304"},"modified":"2022-02-15T02:39:48","modified_gmt":"2022-02-15T02:39:48","slug":"puberdade-normal","status":"publish","type":"post","link":"https:\/\/antonini.psc.br\/?p=29316","title":{"rendered":"Puberdade normal"},"content":{"rendered":"<p><span class=\"content\">A seq\u00fc\u00eancia de eventos que caracteriza a matura\u00e7\u00e3o da menina durante a puberdade \u00e9 muito vari\u00e1vel, mas vida de regra:<!--more--><\/span><\/p>\n<p style=\"text-align: justify;\">1. Uma das caracter\u00edsticas mais not\u00e1veis da puberdade \u00e9 a acelera\u00e7\u00e3o da velocidade de crescimento, cuja m\u00e1xima velocidade em estatura \u00e9, em m\u00e9dia, 10,3 cent\u00edmetros por ano no menino e 9,0 cent\u00edmetros por ano na menina.<\/p>\n<p style=\"text-align: justify;\">2. O crescimento das mamas encabe\u00e7a a seq\u00fc\u00eancia do desenvolvimento da menina. Aparecimento do broto mam\u00e1rio, que come\u00e7a com um &#8220;carocinho&#8221; dolorido que incomoda a menina indica que a crian\u00e7a est\u00e1 entrando na puberdade. \u00c9 seguido pelo desenvolvimento dos pelos pubianos e por uma acelera\u00e7\u00e3o do crescimento. Em alguns casos pode acontecer o inverso: primeiro aparecem os pelos pubianos e depois as mamas.<\/p>\n<p style=\"text-align: center;\">[singlepic id=499 w=320 h=240 float=center]<br \/>\nForma\u00e7\u00e3o do broto mam\u00e1rio<\/p>\n<p style=\"text-align: center;\">[singlepic id=498 w=320 h=240 float=center]<br \/>\nBroto mam\u00e1rio<\/p>\n<p style=\"text-align: center;\">[singlepic id=500 w=320 h=240 float=center]<br \/>\nBroto mam\u00e1rio<\/p>\n<p style=\"text-align: justify;\">3. \u00c9 normal que as mamas cres\u00e7am de forma assim\u00e9trica, ou seja, uma cres\u00e7a mais que a outra. Com o tempo elas acabam adquirindo o mesmo volume, forma e tamanho.<\/p>\n<p style=\"text-align: center;\">[singlepic id=503 w=320 h=240 float=center]<br \/>\nDesenvolvimento assim\u00e9trico normal das mamas<\/p>\n<p style=\"text-align: center;\">[singlepic id=502 w=320 h=240 float=center]<br \/>\nDesenvolvimento das mamas &#8211; vista lateral<\/p>\n<p style=\"text-align: center;\">[singlepic id=501 w=320 h=240 float=center]<br \/>\nDesenvolvimento das mamas &#8211; vista frontal<\/p>\n<p style=\"text-align: justify;\">4. O que n\u00e3o pode acontecer \u00e9 uma mama crescer e a outra nem iniciar o crescimento.<\/p>\n<p style=\"text-align: center;\">[singlepic id=496 w=320 h=240 float=center]<br \/>\nAssimetria anormal das mamas<\/p>\n<p style=\"text-align: center;\">[singlepic id=497 w=320 h=240 float=center]<br \/>\nCaso suspeito de assimetria mam\u00e1ria<\/p>\n<p style=\"text-align: center;\"><span class=\"content\"><br \/>\n<\/span><\/p>\n<p style=\"text-align: justify;\">5. Caso isso aconte\u00e7a com sua filha, \u00e9 imprescind\u00edvel que voc\u00ea procure ajuda de um profissional especializado. N\u00e3o perca tempo esperando que a &#8220;natureza&#8221; d\u00ea jeito.<\/p>\n<p style=\"text-align: justify;\">6. Aparecimento de um corrimento espesso, esbranqui\u00e7ado e sem cheiro que a menina raramente percebe, mas que provoca um enorme susto nas m\u00e3es. Esse corrimento \u00e9 resultado do amadurecimento do canal vaginal e do \u00fatero que est\u00e3o trocando suas c\u00e9lulas infantis por c\u00e9lulas maduras. Se a menina n\u00e3o faz uma boa higiene, pelo menos uma vez por dia, esse corrimento pode provocar assaduras doloridas e muito inc\u00f4modas pois como \u00e9 resultante de decomposi\u00e7\u00e3o de c\u00e9lulas, ele tem car\u00e1ter \u00e1cido e &#8220;queima&#8221; a pele da genit\u00e1lia de menina, al\u00e9m de aparecer mau cheiro.<\/p>\n<p style=\"text-align: center;\">[singlepic id=504 w=320 h=240 float=center]<br \/>\nEsfrega\u00e7o vaginal de menina antes da puberdade<\/p>\n<p style=\"text-align: center;\">[singlepic id=505 w=320 h=240 float=center]<br \/>\nEsfrega\u00e7o vaginal de menina durante a puberdade<\/p>\n<p style=\"text-align: center;\">[singlepic id=553 w=320 h=240 float=center]<\/p>\n<p style=\"text-align: center;\">Les\u00e3o (assadura) causada pela acidez da leucorr\u00e9ia fisiol\u00f3gica (corrimento)<\/p>\n<p style=\"text-align: justify;\">7. Muitas vezes a menina come\u00e7a a relatar prurido vulvar (coceira na genit\u00e1lia), mas geralmente essa coceira \u00e9 produzida pelos primeiros pelos pubianos que, no in\u00edcio, s\u00e3o finos e crespos. Se &#8220;enrolam&#8221; e suas pontas acabam por penetrar por entre os l\u00e1bios da vulva causando a coceira. Nesse caso, basta apenas a m\u00e3e ensinar \u00e0 filha como fazer para cort\u00e1-los para acabar com a coceira (o dif\u00edcil \u00e9 justamente isso: a m\u00e3e perceber o problema e ter a coragem de instruir a filha).<\/p>\n<p style=\"text-align: center;\">[singlepic id=506 w=320 h=240 float=center]<\/p>\n<p style=\"text-align: justify;\">Na figura acima v\u00ea-se uma a pubarca em menina de 10 anos. Repare os pelos finos que penetram no meato (clique para ampliar)<\/p>\n<p style=\"text-align: center;\">[singlepic id=507 w=320 h=240 float=center]<\/p>\n<p style=\"text-align: center;\">Na figura acima v\u00ea-se uma sequ\u00eancia de imagens comparativas da evolu\u00e7\u00e3o da pubarca <span class=\"content\">(clique para ampliar)<\/span><\/p>\n<p style=\"text-align: justify;\">8. Outra queixa constante e a &#8220;dor na barriga&#8221;, geralmente uma c\u00f3lica em regi\u00e3o do baixo ventre que incomoda a menina e tamb\u00e9m assusta as m\u00e3es. A c\u00f3lica nada mais \u00e9 que o crescimento do corpo do \u00fatero em dire\u00e7\u00e3o ao abdome e que empurra o mesent\u00e9rio produzindo a dor.<\/p>\n<p style=\"text-align: center;\">[singlepic id=508 w=320 h=240 float=center]<br \/>\nDesenho esquem\u00e1tico do desenvolvimento do \u00fatero, do nascimento \u00e0 maturidade<\/p>\n<p style=\"text-align: justify;\">9. A menina come\u00e7a a alargar a pelve (<strong>quadris<\/strong>), criando a chamada &#8220;cinturinha&#8221;. O normal \u00e9 a mulher ter a pelve (quadris) mais largos que os ombros. O alargamento da pelve \u00e9 importante para uma futura gesta\u00e7\u00e3o, pois uma pelve estreita dificulta a passagem do beb\u00ea na hora do nascimento e geralmente o parto acaba em cesariana<\/p>\n<p style=\"text-align: center;\">[singlepic id=509 w=320 h=240 float=center]<br \/>\nDesenho esquem\u00e1tico do alargamento da pelve<\/p>\n<p style=\"text-align: justify;\">10. Al\u00e9m da pelve, come\u00e7am a crescer o clit\u00f3ris, os pequenos l\u00e1bios (ninfas) e tamb\u00e9m os grandes l\u00e1bios ficam mais largos e espessos.<\/p>\n<p style=\"text-align: justify;\">11. A primeira menstrua\u00e7\u00e3o ocorre cerca de um ano depois dos <strong><em>&#8220;estir\u00f5es&#8221;<\/em><\/strong> de crescimento, coincidindo com a fase de desacelera\u00e7\u00e3o m\u00e1xima do crescimento e, embora marque um est\u00e1gio de amadurecimento uterino, n\u00e3o significa que a menina tenha atingido um estagio de fun\u00e7\u00e3o reprodutora completa, pois os ciclos iniciais s\u00e3o geralmente anovulat\u00f3rios, havendo um per\u00edodo de esterilidade na adolesc\u00eancia que dura em m\u00e9dia, um ano ap\u00f3s a primeira menstrua\u00e7\u00e3o.<\/p>\n<p style=\"text-align: justify;\">12. Um dos sinais de que a primeira menstrua\u00e7\u00e3o est\u00e1 pr\u00f3xima \u00e9 a altera\u00e7\u00e3o de humor na menina que poucas semanas antes de menstruar pela primeira vez fica irritada com facilidade. Briga com todos e com tudo. Vive de mal com a vida. Sente enj\u00f4os, dores de cabe\u00e7a e c\u00f3licas. O corrimento tamb\u00e9m aumenta. Algumas meninas chegam a ter desmaios e at\u00e9 convuls\u00f5es (ataques iguais \u00e0 epilepsia) poucos dias antes de menstruarem pela primeira vez, mas isso n\u00e3o \u00e9 nada grave.<\/p>\n<p style=\"text-align: justify;\">13. Outra coisa que deve ser ressaltada \u00e9 o fato de a primeira menstrua\u00e7\u00e3o n\u00e3o ser um sinal de que a menina est\u00e1 pronta para iniciar uma vida sexual ativa. Ela n\u00e3o tem ainda nem corpo e muito menos cabe\u00e7a para uma rela\u00e7\u00e3o sexual. Sua genit\u00e1lia ainda n\u00e3o tem a elasticidade e nem a maturidade necess\u00e1ria para uma penetra\u00e7\u00e3o e caso ela tente iniciar um relacionamento sexual completo, pode acontecer desde um desajuste emocional, devido \u00e0s fortes dores que, com certeza ela sentir\u00e1, at\u00e9 o aparecimento de f\u00edstula ano-vaginal, uma ruptura do assoalho posterior da vagina, comunicando-a com o reto e surgindo o doloroso e inc\u00f4modo anus vaginal que consiste da sa\u00edda de fezes pelo canal vaginal.<\/p>\n<p style=\"text-align: center;\">[singlepic id=473 w=320 h=240 float=center]<br \/>\n\u00c2nus vaginal<\/p>\n<div style=\"text-align: center;\">[singlepic id=510 w=320 h=240 float=center]<\/div>\n<p><span class=\"content\"><em><strong>Na figura acima observa-se o desenvolvimento f\u00edsico:<\/strong><\/em> <\/span><\/p>\n<ul>\n<li><em><strong>\u00e0 esquerda: inf\u00e2ncia<\/strong><\/em><\/li>\n<li><em><strong>centro: durante a puberdade (na faixa de 13 anos)<\/strong><\/em><\/li>\n<li><strong>\u00e0 direita: a mulher adulta.<\/strong><\/li>\n<\/ul>\n<p>&nbsp;<\/p>\n<p><strong>Leia mais sobre puberdade e adolesc\u00eancia:<\/strong><\/p>\n<ul>\n<li><a title=\"Adolescente d\u00e1 \u00e0 luz trig\u00eameas em Ribeir\u00e3o Preto\" href=\"?p=7709\">Adolescente d\u00e1 \u00e0 luz trig\u00eameas em Ribeir\u00e3o Preto<\/a><\/li>\n<li><a title=\"Cazuza: um idiota morto\" href=\"?p=7730\">Cazuza: um idiota morto<\/a><\/li>\n<li><a title=\"Cremes n\u00e3o evitam envelhecimento\" href=\"?p=624\">Cremes n\u00e3o evitam envelhecimento<\/a><\/li>\n<li><a title=\"P\u00edlula anticoncepcional pode ajudar no tratamento de acnes?\" href=\"?p=368\">P\u00edlula anticoncepcional pode ajudar no tratamento de acnes?<\/a><\/li>\n<li><a title=\"P\u00edlula anticoncepcional pode atrapalhar ganho muscular com exerc\u00edcios\" href=\"?p=2368\">P\u00edlula anticoncepcional pode atrapalhar ganho muscular com exerc\u00edcios<\/a><\/li>\n<li><a title=\"P\u00edlula do dia seguinte \u00e9 usada de forma errada, mostra pesquisa em PE\" href=\"?p=3857\">P\u00edlula do dia seguinte \u00e9 usada de forma errada, mostra pesquisa em PE<\/a><\/li>\n<li><a title=\"Qual ser\u00e1 a altura da sua filha?\" href=\"?p=4582\">Qual ser\u00e1 a altura da sua filha?<\/a><\/li>\n<li><a title=\"S\u00edntese dos horm\u00f4nios sexuais\" href=\"?p=1903\">S\u00edntese dos horm\u00f4nios sexuais<\/a><\/li>\n<li><a href=\"?p=360\" target=\"_self\" rel=\"noopener\">Suti\u00e3 errado pode causar danos \u00e0s mamas<\/a><\/li>\n<li><a title=\"\u0093Tipo Assim\u0085\u0094\" href=\"?p=5137\">Tipo Assim\u0085<\/a><\/li>\n<\/ul>\n<p style=\"text-align: center;\">[<a href=\"javascript:history.go(-1)\">Voltar<\/a>]<span class=\"content\"><br \/>\n<\/span><\/p>\n<div id=\"_mcePaste\" style=\"overflow: hidden; position: absolute; left: -10000px; top: 402px; width: 1px; height: 1px;\">\n<p style=\"text-align: center;\">[singlepic id=1008 w=320 h=240 float=center]<br \/>\nDesenvolvimento das mamas &#8211; vista lateral<\/p>\n<\/div>\n<p>Texto publicado <a href=\"?p=1741\">aqui<\/a><\/p>\n","protected":false},"excerpt":{"rendered":"<p>A seq\u00fc\u00eancia de eventos que caracteriza a matura\u00e7\u00e3o da menina durante a puberdade \u00e9 muito vari\u00e1vel, mas vida de regra:<\/p>\n","protected":false},"author":1,"featured_media":0,"comment_status":"open","ping_status":"open","sticky":false,"template":"","format":"standard","meta":{"footnotes":""},"categories":[27],"tags":[],"class_list":["post-29316","post","type-post","status-publish","format-standard","hentry","category-noticias"],"_links":{"self":[{"href":"https:\/\/antonini.psc.br\/index.php?rest_route=\/wp\/v2\/posts\/29316","targetHints":{"allow":["GET"]}}],"collection":[{"href":"https:\/\/antonini.psc.br\/index.php?rest_route=\/wp\/v2\/posts"}],"about":[{"href":"https:\/\/antonini.psc.br\/index.php?rest_route=\/wp\/v2\/types\/post"}],"author":[{"embeddable":true,"href":"https:\/\/antonini.psc.br\/index.php?rest_route=\/wp\/v2\/users\/1"}],"replies":[{"embeddable":true,"href":"https:\/\/antonini.psc.br\/index.php?rest_route=%2Fwp%2Fv2%2Fcomments&post=29316"}],"version-history":[{"count":1,"href":"https:\/\/antonini.psc.br\/index.php?rest_route=\/wp\/v2\/posts\/29316\/revisions"}],"predecessor-version":[{"id":30129,"href":"https:\/\/antonini.psc.br\/index.php?rest_route=\/wp\/v2\/posts\/29316\/revisions\/30129"}],"wp:attachment":[{"href":"https:\/\/antonini.psc.br\/index.php?rest_route=%2Fwp%2Fv2%2Fmedia&parent=29316"}],"wp:term":[{"taxonomy":"category","embeddable":true,"href":"https:\/\/antonini.psc.br\/index.php?rest_route=%2Fwp%2Fv2%2Fcategories&post=29316"},{"taxonomy":"post_tag","embeddable":true,"href":"https:\/\/antonini.psc.br\/index.php?rest_route=%2Fwp%2Fv2%2Ftags&post=29316"}],"curies":[{"name":"wp","href":"https:\/\/api.w.org\/{rel}","templated":true}]}}