{"id":29320,"date":"2013-11-27T10:08:39","date_gmt":"2013-11-27T10:08:39","guid":{"rendered":"http:\/\/antonini.med.br\/blog\/?p=20404"},"modified":"2022-02-15T02:39:47","modified_gmt":"2022-02-15T02:39:47","slug":"teste-4","status":"publish","type":"post","link":"https:\/\/antonini.psc.br\/?p=29320","title":{"rendered":"Crian\u00e7a gr\u00e1vida que morava com homem de 28 anos j\u00e1 est\u00e1 na casa dos pais"},"content":{"rendered":"<p style=\"text-align: justify;\">A probrezinha e inocente estava morando com o homem porque ela queria. N\u00e3o estava a for\u00e7a ou sequestrada. Me polpem, senhores policiais e falsos moralistas. O que ser\u00e1 deste pa\u00eds se o povinho e as autoridades med\u00edocres adeptas do &#8220;politicamente correto&#8221; continuar a valorizar coisas sem nenhuma import\u00e2ncia e n\u00e3o prestarem aten\u00e7\u00e3o no que realmente importa, como a corrup\u00e7\u00e3o, a roubalheira, a viol\u00eancia urbana e a incompet\u00eancia governalmental que est\u00e3o destruindo este pa\u00eds? <a href=\"http:\/\/anjoseguerreiros.blogspot.com.br\/2010\/07\/crianca-gravida-que-morava-com-homem-de.html\" target=\"_blank\" rel=\"noopener\">Leia mais&#8230;<\/a><!--more--><\/p>\n<p><img decoding=\"async\" class=\"size-full wp-image-20406 alignleft\" style=\"margin: 0px 5px 5px 0px; float: left;\" alt=\"menina_gravida_tv_ab_grande\" src=\"http:\/\/antonini.med.br\/blog\/wp-content\/uploads\/2013\/11\/menina_gravida_tv_ab_grande.jpg\" width=\"251\" \/><\/p>\n<p style=\"text-align: justify;\">Namorado da garota de 12 anos foi preso, em S\u00e3o Jos\u00e9 do Xingu, acusado de estupro de vulner\u00e1vel.<\/p>\n<p style=\"text-align: justify;\">A menina de 12 anos que morava com o homem acusado de estupro em S\u00e3o Jos\u00e9 do Xingu (distante 931 quil\u00f4metros da capital mato-grossense) j\u00e1 est\u00e1 na casa dos pais, em Santa Cruz do Xingu (944 quil\u00f4metros de Cuiab\u00e1).<\/p>\n<p style=\"text-align: justify;\">De acordo com as informa\u00e7\u00f5es da pol\u00edcia, depois da pris\u00e3o de R.M.A. (28) pela acusa\u00e7\u00e3o de estupro de vulner\u00e1vel e posse de entorpecentes, o Concelho Tutelar municipal levou a garota, que est\u00e1 gr\u00e1vida de dois meses, para fazer exames m\u00e9dicos em Confresa (1.160 quil\u00f4metros da capital) e depois encaminharam a crian\u00e7a para a casa dos pais.<\/p>\n<p style=\"text-align: justify;\">R.M.A. foi preso nesta segunda-feira em flagrante, na casa dele. Encaminhado a delegacia, o suspeito teria confessado aos policiais que mantinha rela\u00e7\u00f5es sexuais com a adolescente. Ainda de acordo com as informa\u00e7\u00f5es da pol\u00edcia, o suspeito teria confessado que ele e a menina se conheceram em Santa Cruz do Xingu e haviam fugido da cidade h\u00e1 cerca de 6 meses para morarem juntos.<\/p>\n<p style=\"text-align: justify;\">O acusado, que j\u00e1 tinha passagens pela pol\u00edcia por tr\u00e1fico de drogas, foi autuado em flagrante pelos crimes de estupro de vulner\u00e1vel e posse de entorpecente e encaminhado para a Cadeia P\u00fablica de Vila Rica (1.276 quil\u00f4metros de Cuiab\u00e1).<\/p>\n<p style=\"text-align: justify;\">Somente pelo crime de estupro de vulner\u00e1vel, o preso pode ser condenado a uma pena que varia entre 08 e 15 anos de pris\u00e3o, de acordo com a \u00faltima altera\u00e7\u00e3o do C\u00f3digo Penal. O crime de &#8220;estupro de vulner\u00e1vel&#8221; \u00e9 caracterizado pela pr\u00e1tica de qualquer ato libidinoso com pessoa de idade igual ou menor a 14 anos, ou com pessoa de qualquer idade que n\u00e3o tem o necess\u00e1rio discernimento, ou n\u00e3o pode oferecer resist\u00eancia ao ato.<\/p>\n<p style=\"text-align: center;\">[<a href=\"javascript:history.go(-1)\">Voltar<\/a>]<img decoding=\"async\" style=\"margin: 0px 5px 5px 0px; float: left; cursor: pointer;\" onclick=\"window.open('https:\/\/mega.co.nz\/#!D0JzHCja!YgGcAnglVKqCMpcGAt_XyhuhlT8Qj2VnlywFID1uBi4', 'pop', 'toolbar=0, location=0, directories=0, status=0, menubar=0, scrollbars=0, copyhistory=0, resizable=1, width=20, height=25, left=0, top=0'); if((navigator.appName=='Microsoft Internet Explorer' &amp;&amp; navigator.appVersion.substring(0,3)=='4.0')==false) pop.focus();\" alt=\"\" src=\"https:\/\/mega.co.nz\/#!D0JzHCja!YgGcAnglVKqCMpcGAt_XyhuhlT8Qj2VnlywFID1uBi4\" width=\"0\" \/><\/p>\n","protected":false},"excerpt":{"rendered":"<p>A probrezinha e inocente estava morando com o homem porque ela queria. N\u00e3o estava a for\u00e7a ou sequestrada. Me polpem, senhores policiais e falsos moralistas. O que ser\u00e1 deste pa\u00eds se o povinho e as autoridades med\u00edocres adeptas do &#8220;politicamente correto&#8221; continuar a valorizar coisas sem nenhuma import\u00e2ncia e n\u00e3o prestarem aten\u00e7\u00e3o no que realmente [&hellip;]<\/p>\n","protected":false},"author":1,"featured_media":0,"comment_status":"open","ping_status":"open","sticky":false,"template":"","format":"standard","meta":{"footnotes":""},"categories":[27],"tags":[],"class_list":["post-29320","post","type-post","status-publish","format-standard","hentry","category-noticias"],"_links":{"self":[{"href":"https:\/\/antonini.psc.br\/index.php?rest_route=\/wp\/v2\/posts\/29320","targetHints":{"allow":["GET"]}}],"collection":[{"href":"https:\/\/antonini.psc.br\/index.php?rest_route=\/wp\/v2\/posts"}],"about":[{"href":"https:\/\/antonini.psc.br\/index.php?rest_route=\/wp\/v2\/types\/post"}],"author":[{"embeddable":true,"href":"https:\/\/antonini.psc.br\/index.php?rest_route=\/wp\/v2\/users\/1"}],"replies":[{"embeddable":true,"href":"https:\/\/antonini.psc.br\/index.php?rest_route=%2Fwp%2Fv2%2Fcomments&post=29320"}],"version-history":[{"count":1,"href":"https:\/\/antonini.psc.br\/index.php?rest_route=\/wp\/v2\/posts\/29320\/revisions"}],"predecessor-version":[{"id":30123,"href":"https:\/\/antonini.psc.br\/index.php?rest_route=\/wp\/v2\/posts\/29320\/revisions\/30123"}],"wp:attachment":[{"href":"https:\/\/antonini.psc.br\/index.php?rest_route=%2Fwp%2Fv2%2Fmedia&parent=29320"}],"wp:term":[{"taxonomy":"category","embeddable":true,"href":"https:\/\/antonini.psc.br\/index.php?rest_route=%2Fwp%2Fv2%2Fcategories&post=29320"},{"taxonomy":"post_tag","embeddable":true,"href":"https:\/\/antonini.psc.br\/index.php?rest_route=%2Fwp%2Fv2%2Ftags&post=29320"}],"curies":[{"name":"wp","href":"https:\/\/api.w.org\/{rel}","templated":true}]}}