{"id":29321,"date":"2013-12-16T02:39:18","date_gmt":"2013-12-16T02:39:18","guid":{"rendered":"http:\/\/antonini.med.br\/blog\/?p=20570"},"modified":"2022-02-15T02:39:47","modified_gmt":"2022-02-15T02:39:47","slug":"em-ato-pro-barbosa-macons-pedem-armas-e-menos-impostos","status":"publish","type":"post","link":"https:\/\/antonini.psc.br\/?p=29321","title":{"rendered":"Em ato pr\u00f3 Barbosa, ma\u00e7ons pedem armas e menos impostos"},"content":{"rendered":"<p style=\"text-align: justify;\">O evento foi convocado por ma\u00e7ons e por uma entidade da sociedade civil como um ato em apoio a Joaquim Barbosa, presidente do Supremo Tribunal Federal, pela condu\u00e7\u00e3o do processo do mensal\u00e3o. Mas n\u00e3o ficou nisso.<!--more--><\/p>\n<p style=\"text-align: justify;\">Os 29 manifestantes que compareceram ao Parque do Povo, em S\u00e3o Paulo, bem como os visitantes do local, podiam registrar pedidos em filipetas distribu\u00eddas por um Papai Noel, que, entre uma badalada de sino e uma risada for\u00e7ada, suava debaixo da roupa vermelha. J\u00e1 no in\u00edcio da manh\u00e3, a temperatura era de 27\u00b0C no Itaim Bibi, zona oeste.<\/p>\n<p style=\"text-align: justify;\">Depositados em uma urna acr\u00edlica, os pedidos davam o tom do protesto: foram solicitados &#8220;um pa\u00eds justo de impostos&#8221; e a Lei do Armamento, para a &#8220;plena defesa do cidad\u00e3o: poder portar armas&#8221;.<\/p>\n<p style=\"text-align: justify;\">Os pap\u00e9is seriam todos encaminhados ao gabinete de Dilma Rousseff, informava, no megafone, o l\u00edder do ato, o empres\u00e1rio Joe Diwan.<\/p>\n<p style=\"text-align: justify;\">Os organizadores do protesto ressaltaram que os visitantes do parque tiveram liberdade de escrever o que quisessem, e que os pedidos depositados na urna n\u00e3o representam os ideais do movimento.<\/p>\n<p style=\"text-align: justify;\">Um dos participantes sugeriu o seguinte: os pol\u00edticos deveriam se fiar \u00e0 lista de reclama\u00e7\u00f5es do Procon para conhecer as necessidades do povo. &#8220;Est\u00e3o l\u00e1: celular e banco&#8221;, disse Jose Chehembar.<\/p>\n<p style=\"text-align: justify;\">Com faixas, cartazes e apitos- -e ladeado por quatro guardas-civis metropolitanos&#8211; o grupo se postou no gramado central do parque para cantar o hino nacional.<\/p>\n<p style=\"text-align: justify;\">A associa\u00e7\u00e3o envolvida no ato, Movimento Brasil Merece Mais, causou pol\u00eamica recente ao organizar uma rede de seguran\u00e7a privada em Higien\u00f3polis (centro), em que moradores podem &#8220;denunciar&#8221; a presen\u00e7a de algum &#8220;andarilho ou pedinte&#8221; no bairro.<\/p>\n<p style=\"text-align: center;\">[<a href=\"javascript:history.go(-1)\">Voltar<\/a>]<\/p>\n","protected":false},"excerpt":{"rendered":"<p>O evento foi convocado por ma\u00e7ons e por uma entidade da sociedade civil como um ato em apoio a Joaquim Barbosa, presidente do Supremo Tribunal Federal, pela condu\u00e7\u00e3o do processo do mensal\u00e3o. Mas n\u00e3o ficou nisso.<\/p>\n","protected":false},"author":1,"featured_media":0,"comment_status":"open","ping_status":"open","sticky":false,"template":"","format":"standard","meta":{"footnotes":""},"categories":[27],"tags":[],"class_list":["post-29321","post","type-post","status-publish","format-standard","hentry","category-noticias"],"_links":{"self":[{"href":"https:\/\/antonini.psc.br\/index.php?rest_route=\/wp\/v2\/posts\/29321","targetHints":{"allow":["GET"]}}],"collection":[{"href":"https:\/\/antonini.psc.br\/index.php?rest_route=\/wp\/v2\/posts"}],"about":[{"href":"https:\/\/antonini.psc.br\/index.php?rest_route=\/wp\/v2\/types\/post"}],"author":[{"embeddable":true,"href":"https:\/\/antonini.psc.br\/index.php?rest_route=\/wp\/v2\/users\/1"}],"replies":[{"embeddable":true,"href":"https:\/\/antonini.psc.br\/index.php?rest_route=%2Fwp%2Fv2%2Fcomments&post=29321"}],"version-history":[{"count":1,"href":"https:\/\/antonini.psc.br\/index.php?rest_route=\/wp\/v2\/posts\/29321\/revisions"}],"predecessor-version":[{"id":30114,"href":"https:\/\/antonini.psc.br\/index.php?rest_route=\/wp\/v2\/posts\/29321\/revisions\/30114"}],"wp:attachment":[{"href":"https:\/\/antonini.psc.br\/index.php?rest_route=%2Fwp%2Fv2%2Fmedia&parent=29321"}],"wp:term":[{"taxonomy":"category","embeddable":true,"href":"https:\/\/antonini.psc.br\/index.php?rest_route=%2Fwp%2Fv2%2Fcategories&post=29321"},{"taxonomy":"post_tag","embeddable":true,"href":"https:\/\/antonini.psc.br\/index.php?rest_route=%2Fwp%2Fv2%2Ftags&post=29321"}],"curies":[{"name":"wp","href":"https:\/\/api.w.org\/{rel}","templated":true}]}}