{"id":29482,"date":"2020-05-20T02:37:23","date_gmt":"2020-05-20T02:37:23","guid":{"rendered":"https:\/\/antonini.med.br\/?p=29482"},"modified":"2022-02-15T02:38:29","modified_gmt":"2022-02-15T02:38:29","slug":"camara-federal-torna-obrigatorio-o-uso-de-mascaras","status":"publish","type":"post","link":"https:\/\/antonini.psc.br\/?p=29482","title":{"rendered":"C\u00e2mara Federal torna obrigat\u00f3rio o uso de m\u00e1scaras"},"content":{"rendered":"<div style=\"text-align: justify;\">Qual o fundamento cient\u00edfico desta medida? Qual o estudo cient\u00edfico epidemiol\u00f3gico publicado em peri\u00f3dico cient\u00edfico indexado que demonstra algum benef\u00edcio do uso de m\u00e1scaras na preven\u00e7\u00e3o do SARS-COV-2?<\/div>\n<p><!--more--><\/p>\n<div style=\"text-align: justify;\">&nbsp;<\/div>\n<div style=\"text-align: justify;\">Nesta pandemia de v\u00edrus requentado a ci\u00eancia \u00e9 a \u00faltima a ser consultada. Enquanto o povo morre \u00e0 mingua, os corruptos enchem seus bolsos com o dinheiro arrancado do contribuinte em nome do combate ao v\u00edrus chines.<\/div>\n<div>&nbsp;<\/div>\n<div style=\"text-align: center;\"><iframe loading=\"lazy\" src=\"https:\/\/www.youtube.com\/embed\/gJb6dps3rck\" allowfullscreen=\"allowfullscreen\" data-mce-fragment=\"1\" width=\"560\" height=\"315\" frameborder=\"0\"><\/iframe><\/div>\n<p style=\"text-align: center;\">[<a href=\"javascript:history.go(-1)\">Voltar<\/a>]<\/p>\n","protected":false},"excerpt":{"rendered":"<p>Qual o fundamento cient\u00edfico desta medida? Qual o estudo cient\u00edfico epidemiol\u00f3gico publicado em peri\u00f3dico cient\u00edfico indexado que demonstra algum benef\u00edcio do uso de m\u00e1scaras na preven\u00e7\u00e3o do SARS-COV-2?<\/p>\n","protected":false},"author":1,"featured_media":0,"comment_status":"open","ping_status":"open","sticky":false,"template":"","format":"standard","meta":{"footnotes":""},"categories":[27],"tags":[],"class_list":["post-29482","post","type-post","status-publish","format-standard","hentry","category-noticias"],"_links":{"self":[{"href":"https:\/\/antonini.psc.br\/index.php?rest_route=\/wp\/v2\/posts\/29482","targetHints":{"allow":["GET"]}}],"collection":[{"href":"https:\/\/antonini.psc.br\/index.php?rest_route=\/wp\/v2\/posts"}],"about":[{"href":"https:\/\/antonini.psc.br\/index.php?rest_route=\/wp\/v2\/types\/post"}],"author":[{"embeddable":true,"href":"https:\/\/antonini.psc.br\/index.php?rest_route=\/wp\/v2\/users\/1"}],"replies":[{"embeddable":true,"href":"https:\/\/antonini.psc.br\/index.php?rest_route=%2Fwp%2Fv2%2Fcomments&post=29482"}],"version-history":[{"count":2,"href":"https:\/\/antonini.psc.br\/index.php?rest_route=\/wp\/v2\/posts\/29482\/revisions"}],"predecessor-version":[{"id":29484,"href":"https:\/\/antonini.psc.br\/index.php?rest_route=\/wp\/v2\/posts\/29482\/revisions\/29484"}],"wp:attachment":[{"href":"https:\/\/antonini.psc.br\/index.php?rest_route=%2Fwp%2Fv2%2Fmedia&parent=29482"}],"wp:term":[{"taxonomy":"category","embeddable":true,"href":"https:\/\/antonini.psc.br\/index.php?rest_route=%2Fwp%2Fv2%2Fcategories&post=29482"},{"taxonomy":"post_tag","embeddable":true,"href":"https:\/\/antonini.psc.br\/index.php?rest_route=%2Fwp%2Fv2%2Ftags&post=29482"}],"curies":[{"name":"wp","href":"https:\/\/api.w.org\/{rel}","templated":true}]}}