{"id":29487,"date":"2020-05-02T02:41:08","date_gmt":"2020-05-02T02:41:08","guid":{"rendered":"https:\/\/antonini.med.br\/?p=29487"},"modified":"2022-02-15T02:38:29","modified_gmt":"2022-02-15T02:38:29","slug":"para-que-serve-o-isolamento-social","status":"publish","type":"post","link":"https:\/\/antonini.psc.br\/?p=29487","title":{"rendered":"Para qu\u00ea serve o isolamento social?"},"content":{"rendered":"<p style=\"text-align: justify;\">Governantes exigem que as pessoas fiquem isoladas, mas se esquecem que o v\u00edrus est\u00e1 no ar e se espalha pelas correntes a\u00e9reas e gra\u00e7as a isso, ele contaminar\u00e1 a todos os que estiverem confinados da mesma forma que os que estiverem andando pelas ruas ao ar live.<!--more--><\/p>\n<p style=\"text-align: justify;\">M\u00e1scaras n\u00e3o resolvem nada porqu\u00ea, como j\u00e1 escrito exaustivamente neste s\u00edtio, o v\u00edrus \u00e9 uma nanopart\u00edcula de tamanho menor que 10<sup>-9<\/sup>, ou seja, menor que 0,0000000001 metros e atravessa tudo quanto \u00e9 malha de tecido natural ou sint\u00e9tico.<\/p>\n<p style=\"text-align: center;\">[<a href=\"javascript:history.go(-1)\">Voltar<\/a>]<\/p>\n","protected":false},"excerpt":{"rendered":"<p>Governantes exigem que as pessoas fiquem isoladas, mas se esquecem que o v\u00edrus est\u00e1 no ar e se espalha pelas correntes a\u00e9reas e gra\u00e7as a isso, ele contaminar\u00e1 a todos os que estiverem confinados da mesma forma que os que estiverem andando pelas ruas ao ar live.<\/p>\n","protected":false},"author":1,"featured_media":0,"comment_status":"open","ping_status":"open","sticky":false,"template":"","format":"standard","meta":{"footnotes":""},"categories":[27],"tags":[],"class_list":["post-29487","post","type-post","status-publish","format-standard","hentry","category-noticias"],"_links":{"self":[{"href":"https:\/\/antonini.psc.br\/index.php?rest_route=\/wp\/v2\/posts\/29487","targetHints":{"allow":["GET"]}}],"collection":[{"href":"https:\/\/antonini.psc.br\/index.php?rest_route=\/wp\/v2\/posts"}],"about":[{"href":"https:\/\/antonini.psc.br\/index.php?rest_route=\/wp\/v2\/types\/post"}],"author":[{"embeddable":true,"href":"https:\/\/antonini.psc.br\/index.php?rest_route=\/wp\/v2\/users\/1"}],"replies":[{"embeddable":true,"href":"https:\/\/antonini.psc.br\/index.php?rest_route=%2Fwp%2Fv2%2Fcomments&post=29487"}],"version-history":[{"count":2,"href":"https:\/\/antonini.psc.br\/index.php?rest_route=\/wp\/v2\/posts\/29487\/revisions"}],"predecessor-version":[{"id":29489,"href":"https:\/\/antonini.psc.br\/index.php?rest_route=\/wp\/v2\/posts\/29487\/revisions\/29489"}],"wp:attachment":[{"href":"https:\/\/antonini.psc.br\/index.php?rest_route=%2Fwp%2Fv2%2Fmedia&parent=29487"}],"wp:term":[{"taxonomy":"category","embeddable":true,"href":"https:\/\/antonini.psc.br\/index.php?rest_route=%2Fwp%2Fv2%2Fcategories&post=29487"},{"taxonomy":"post_tag","embeddable":true,"href":"https:\/\/antonini.psc.br\/index.php?rest_route=%2Fwp%2Fv2%2Ftags&post=29487"}],"curies":[{"name":"wp","href":"https:\/\/api.w.org\/{rel}","templated":true}]}}