{"id":29490,"date":"2020-04-26T02:43:12","date_gmt":"2020-04-26T02:43:12","guid":{"rendered":"https:\/\/antonini.med.br\/?p=29490"},"modified":"2022-02-15T02:38:29","modified_gmt":"2022-02-15T02:38:29","slug":"o-virus-esta-no-ar","status":"publish","type":"post","link":"https:\/\/antonini.psc.br\/?p=29490","title":{"rendered":"O v\u00edrus est\u00e1 no ar"},"content":{"rendered":"<p style=\"text-align: justify;\">Ontem a jornalista Maju Coutinho noticiou no Jornal Hoje, da Rede Globo, que os m\u00e9dicos intensivistas est\u00e3o preocupados com o ar que sai das salas de interna\u00e7\u00e3o (boxes) das UTIs onde os pacientes com CoVid-19 s\u00e3o tratados, porque estaria carregando o v\u00edrus para o meio ambiente, mas\u2026<!--more--><\/p>\n<p style=\"text-align: justify;\">No dia 31 de mar\u00e7o deste ano, este s\u00edtio publicou uma mat\u00e9ria intitulada Este v\u00edrus j\u00e1 est\u00e1 \u201cenchendo o saco\u201d (leia <a href=\"?p=28584\">aqui<\/a>) alertando para o fato de o coronav\u00edrus ser uma nanopart\u00edcula que est\u00e1 suspensa no ar, sendo espalhado para todos os cantos do urbi et orbi (da cidade e do mundo), como diz o t\u00edtulo da b\u00ean\u00e7\u00e3o Papal, podendo infectar todo o pa\u00eds.<\/p>\n<p style=\"text-align: center;\">[<a href=\"javascript:history.go(-1)\">Voltar<\/a>]<\/p>\n","protected":false},"excerpt":{"rendered":"<p>Ontem a jornalista Maju Coutinho noticiou no Jornal Hoje, da Rede Globo, que os m\u00e9dicos intensivistas est\u00e3o preocupados com o ar que sai das salas de interna\u00e7\u00e3o (boxes) das UTIs onde os pacientes com CoVid-19 s\u00e3o tratados, porque estaria carregando o v\u00edrus para o meio ambiente, mas\u2026<\/p>\n","protected":false},"author":1,"featured_media":0,"comment_status":"open","ping_status":"open","sticky":false,"template":"","format":"standard","meta":{"footnotes":""},"categories":[27],"tags":[],"class_list":["post-29490","post","type-post","status-publish","format-standard","hentry","category-noticias"],"_links":{"self":[{"href":"https:\/\/antonini.psc.br\/index.php?rest_route=\/wp\/v2\/posts\/29490","targetHints":{"allow":["GET"]}}],"collection":[{"href":"https:\/\/antonini.psc.br\/index.php?rest_route=\/wp\/v2\/posts"}],"about":[{"href":"https:\/\/antonini.psc.br\/index.php?rest_route=\/wp\/v2\/types\/post"}],"author":[{"embeddable":true,"href":"https:\/\/antonini.psc.br\/index.php?rest_route=\/wp\/v2\/users\/1"}],"replies":[{"embeddable":true,"href":"https:\/\/antonini.psc.br\/index.php?rest_route=%2Fwp%2Fv2%2Fcomments&post=29490"}],"version-history":[{"count":2,"href":"https:\/\/antonini.psc.br\/index.php?rest_route=\/wp\/v2\/posts\/29490\/revisions"}],"predecessor-version":[{"id":29492,"href":"https:\/\/antonini.psc.br\/index.php?rest_route=\/wp\/v2\/posts\/29490\/revisions\/29492"}],"wp:attachment":[{"href":"https:\/\/antonini.psc.br\/index.php?rest_route=%2Fwp%2Fv2%2Fmedia&parent=29490"}],"wp:term":[{"taxonomy":"category","embeddable":true,"href":"https:\/\/antonini.psc.br\/index.php?rest_route=%2Fwp%2Fv2%2Fcategories&post=29490"},{"taxonomy":"post_tag","embeddable":true,"href":"https:\/\/antonini.psc.br\/index.php?rest_route=%2Fwp%2Fv2%2Ftags&post=29490"}],"curies":[{"name":"wp","href":"https:\/\/api.w.org\/{rel}","templated":true}]}}