{"id":29544,"date":"2020-02-23T03:42:32","date_gmt":"2020-02-23T03:42:32","guid":{"rendered":"https:\/\/antonini.med.br\/?p=29544"},"modified":"2022-02-15T02:38:30","modified_gmt":"2022-02-15T02:38:30","slug":"a-microoft-anda-se-achando-dona-e-senhora-da-microinformatica","status":"publish","type":"post","link":"https:\/\/antonini.psc.br\/?p=29544","title":{"rendered":"A Micro$oft anda se achando dona e senhora da microinform\u00e1tica"},"content":{"rendered":"<p style=\"text-align: justify;\"><strong><em> &#8220;Microsoft deve exigir conta da empresa para configurar o Windows 10.&#8221;<\/em><\/strong><\/p>\n<p><!--more--><\/p>\n<div class=\"blogentry\">\n<p style=\"text-align: justify;\">Mas&#8230; Todas as dificuldades que ela anda impondo aos usu\u00e1rios e ainda, a quantidade de atualiza\u00e7\u00f5es &#8220;bugadas&#8221; lan\u00e7adas ultimamente, causadoras de transtornos enormes e s\u00e9rios preju\u00edzos aos usu\u00e1rios acabar\u00e1 destruindo a empresa e seu sistema operacional da classe queijo su\u00ed\u00e7o &#8211; cheio de furos e brechas de seguran\u00e7a.<\/p>\n<p style=\"text-align: justify;\">A Micro$oft se arrempeder\u00e1 amargamente da postura autorit\u00e1ria e desp\u00f3tica com que lida com os usu\u00e1rios, estes tratados como gado ou escravo de suas vontades imperialistas. Leia <a href=\"https:\/\/canaltech.com.br\/windows\/rumor-microsoft-deve-exigir-conta-da-empresa-para-configurar-o-windows-10-160824\/\" target=\"_blank\" rel=\"noopener noreferrer\">mais<\/a><\/p>\n<p style=\"text-align: center;\">[<a href=\"javascript:history.go(-1)\">Voltar<\/a>]<\/p>\n<\/div>\n","protected":false},"excerpt":{"rendered":"<p>&#8220;Microsoft deve exigir conta da empresa para configurar o Windows 10.&#8221;<\/p>\n","protected":false},"author":1,"featured_media":0,"comment_status":"open","ping_status":"open","sticky":false,"template":"","format":"standard","meta":{"footnotes":""},"categories":[27],"tags":[],"class_list":["post-29544","post","type-post","status-publish","format-standard","hentry","category-noticias"],"_links":{"self":[{"href":"https:\/\/antonini.psc.br\/index.php?rest_route=\/wp\/v2\/posts\/29544","targetHints":{"allow":["GET"]}}],"collection":[{"href":"https:\/\/antonini.psc.br\/index.php?rest_route=\/wp\/v2\/posts"}],"about":[{"href":"https:\/\/antonini.psc.br\/index.php?rest_route=\/wp\/v2\/types\/post"}],"author":[{"embeddable":true,"href":"https:\/\/antonini.psc.br\/index.php?rest_route=\/wp\/v2\/users\/1"}],"replies":[{"embeddable":true,"href":"https:\/\/antonini.psc.br\/index.php?rest_route=%2Fwp%2Fv2%2Fcomments&post=29544"}],"version-history":[{"count":3,"href":"https:\/\/antonini.psc.br\/index.php?rest_route=\/wp\/v2\/posts\/29544\/revisions"}],"predecessor-version":[{"id":29547,"href":"https:\/\/antonini.psc.br\/index.php?rest_route=\/wp\/v2\/posts\/29544\/revisions\/29547"}],"wp:attachment":[{"href":"https:\/\/antonini.psc.br\/index.php?rest_route=%2Fwp%2Fv2%2Fmedia&parent=29544"}],"wp:term":[{"taxonomy":"category","embeddable":true,"href":"https:\/\/antonini.psc.br\/index.php?rest_route=%2Fwp%2Fv2%2Fcategories&post=29544"},{"taxonomy":"post_tag","embeddable":true,"href":"https:\/\/antonini.psc.br\/index.php?rest_route=%2Fwp%2Fv2%2Ftags&post=29544"}],"curies":[{"name":"wp","href":"https:\/\/api.w.org\/{rel}","templated":true}]}}