{"id":29665,"date":"2021-12-21T23:44:28","date_gmt":"2021-12-21T23:44:28","guid":{"rendered":"https:\/\/antonini.med.br\/?p=29665"},"modified":"2022-07-05T00:27:02","modified_gmt":"2022-07-05T00:27:02","slug":"fiocruz-reforca-importancia-da-imunizacao-de-criancas-para-aumentar-cobertura-vacinal","status":"publish","type":"post","link":"https:\/\/antonini.psc.br\/?p=29665","title":{"rendered":"Fiocruz refor\u00e7a import\u00e2ncia da imuniza\u00e7\u00e3o de crian\u00e7as para aumentar cobertura vacinal"},"content":{"rendered":"<p style=\"text-align: justify;\">Quando come\u00e7ou o pandem\u00f4nio de v\u00edrus requentado pela China, os cientistas e pesquisadores atestaram categoricamente que as crian\u00e7as apresentavam probabilidade baix\u00edssima de desenvolver quadros graves ou mesmo risco desprez\u00edvel \u00f3bitos causadas pelo pat\u00f3geno chin\u00eas e n\u00e3o precisariam de vacina\u2026 O que mudou agora?<!--more--><\/p>\n<p style=\"text-align: justify;\">Ser\u00e1 que a senha de lucro da ind\u00fastria farmac\u00eautica ainda n\u00e3o foi satisfeita?<\/p>\n<p style=\"text-align: justify;\">Outro fator que coloca as inten\u00e7\u00f5es da ind\u00fastria farmac\u00eautica sob suspeita \u00e9 a informa\u00e7\u00e3o veiculada pelos fabricantes das vacinas de RNAm de que a concentra\u00e7\u00e3o da prote\u00edna Spike do v\u00edrus necess\u00e1ria para a imuniza\u00e7\u00e3o de crian\u00e7as \u00e9 um ter\u00e7o da dose de adulto, ent\u00e3o por qu\u00ea fabricar uma apresenta\u00e7\u00e3o farmac\u00eautica s\u00f3 para crian\u00e7as? Basta apenas aplicar um ter\u00e7o da dose de adulto! Farmacot\u00e9cnica b\u00e1sica, pura e simples.<\/p>\n<p style=\"text-align: justify;\">Para que gastar mais dinheiro do contribuinte se uma dose de adulto d\u00e1 para imunizar tr\u00eas crian\u00e7as? Leia <a href=\"https:\/\/valor.globo.com\/brasil\/noticia\/2021\/12\/21\/fiocruz-reforca-importancia-da-imunizacao-de-criancas-para-aumentar-cobertura-vacinal.ghtml\" target=\"_blank\" rel=\"noopener\">aqui<\/a><\/p>\n<p style=\"text-align: center;\">[<a href=\"javascript:history.go(-1)\">Voltar<\/a>]<\/p>\n","protected":false},"excerpt":{"rendered":"<p>Quando come\u00e7ou o pandem\u00f4nio de v\u00edrus requentado pela China, os cientistas e pesquisadores atestaram categoricamente que as crian\u00e7as apresentavam probabilidade baix\u00edssima de desenvolver quadros graves ou mesmo risco desprez\u00edvel \u00f3bitos causadas pelo pat\u00f3geno chin\u00eas e n\u00e3o precisariam de vacina\u2026 O que mudou agora?<\/p>\n","protected":false},"author":1,"featured_media":0,"comment_status":"open","ping_status":"open","sticky":false,"template":"","format":"standard","meta":{"footnotes":""},"categories":[27],"tags":[],"class_list":["post-29665","post","type-post","status-publish","format-standard","hentry","category-noticias"],"_links":{"self":[{"href":"https:\/\/antonini.psc.br\/index.php?rest_route=\/wp\/v2\/posts\/29665","targetHints":{"allow":["GET"]}}],"collection":[{"href":"https:\/\/antonini.psc.br\/index.php?rest_route=\/wp\/v2\/posts"}],"about":[{"href":"https:\/\/antonini.psc.br\/index.php?rest_route=\/wp\/v2\/types\/post"}],"author":[{"embeddable":true,"href":"https:\/\/antonini.psc.br\/index.php?rest_route=\/wp\/v2\/users\/1"}],"replies":[{"embeddable":true,"href":"https:\/\/antonini.psc.br\/index.php?rest_route=%2Fwp%2Fv2%2Fcomments&post=29665"}],"version-history":[{"count":8,"href":"https:\/\/antonini.psc.br\/index.php?rest_route=\/wp\/v2\/posts\/29665\/revisions"}],"predecessor-version":[{"id":31270,"href":"https:\/\/antonini.psc.br\/index.php?rest_route=\/wp\/v2\/posts\/29665\/revisions\/31270"}],"wp:attachment":[{"href":"https:\/\/antonini.psc.br\/index.php?rest_route=%2Fwp%2Fv2%2Fmedia&parent=29665"}],"wp:term":[{"taxonomy":"category","embeddable":true,"href":"https:\/\/antonini.psc.br\/index.php?rest_route=%2Fwp%2Fv2%2Fcategories&post=29665"},{"taxonomy":"post_tag","embeddable":true,"href":"https:\/\/antonini.psc.br\/index.php?rest_route=%2Fwp%2Fv2%2Ftags&post=29665"}],"curies":[{"name":"wp","href":"https:\/\/api.w.org\/{rel}","templated":true}]}}