{"id":30501,"date":"2022-01-17T13:59:32","date_gmt":"2022-01-17T13:59:32","guid":{"rendered":"http:\/\/antonini.com.br\/?p=30501"},"modified":"2022-02-15T02:38:11","modified_gmt":"2022-02-15T02:38:11","slug":"assista-a-monark-e-convidada-discutem-ao-falar-de-cotas-no-youtube","status":"publish","type":"post","link":"https:\/\/antonini.psc.br\/?p=30501","title":{"rendered":"Cotas raciais apenas institucionalizam o racismo e emperram o desenvolvimento das ci\u00eancias"},"content":{"rendered":"\r\n<p style=\"text-align: justify;\">Cotas raciais n\u00e3o passam de institucionaliza\u00e7\u00e3o do racismo.<!--more--><!--wp:--><\/p>\r\n<p style=\"text-align: justify;\">Querem impor aos brasileira de hoje um sentimento de culpa por fatos ocorridos h\u00e1 mais de 130 anos e que n\u00e3o foram causadas por brancos, pois o negro escravizou o negro em suas lutas tribais e os vendeu aos brancos nas costa africanas. <br \/><br \/>N\u00f3s n\u00e3o temos nada a ver com isso e, ainda, cotas derrubam o n\u00edvel tecnol\u00f3gico e cient\u00edfico porque n\u00e3o h\u00e1 concorr\u00eancia, n\u00e3o se selecionam os melhores, mas apenas cores de pele.<br \/><br \/>Professor universit\u00e1rio que tem o pensamento mesquinho desta entrevistanda e que estimula qualquer tipo de cota \u00e9 um incompetente que adora aluno med\u00edocre porque este n\u00e3o o obriga a se esfor\u00e7ar e melhorar seu n\u00edvel.<br \/><br \/>O &#8220;funil perverso&#8221; se chama compet\u00eancia, a mesma que trouxe \u00e0 humanidade o progresso que temos hoje. Pele n\u00e3o pensa. \u00c9 o c\u00e9rebro que pensa.<br \/><br \/>Este pa\u00eds d\u00e1 nojo e n\u00e3o tem futuro.<\/p>\r\n<p>&nbsp;<\/p>\r\n<p style=\"text-align: center;\"><iframe loading=\"lazy\" title=\"MONARK E CONVIDADA DISCUTEM AO FALAR DE COTAS\" width=\"500\" height=\"281\" src=\"https:\/\/www.youtube.com\/embed\/FElLyZv9bEA?feature=oembed\" frameborder=\"0\" allow=\"accelerometer; autoplay; clipboard-write; encrypted-media; gyroscope; picture-in-picture; web-share\" referrerpolicy=\"strict-origin-when-cross-origin\" allowfullscreen><\/iframe><\/p>\r\n<p style=\"text-align: center;\">[<a href=\"javascript:history.go(-1)\">Voltar<\/a>]<\/p>","protected":false},"excerpt":{"rendered":"<p>Cotas raciais n\u00e3o passam de institucionaliza\u00e7\u00e3o do racismo.<\/p>\n","protected":false},"author":1,"featured_media":0,"comment_status":"open","ping_status":"open","sticky":false,"template":"","format":"standard","meta":{"footnotes":""},"categories":[27],"tags":[],"class_list":["post-30501","post","type-post","status-publish","format-standard","hentry","category-noticias"],"_links":{"self":[{"href":"https:\/\/antonini.psc.br\/index.php?rest_route=\/wp\/v2\/posts\/30501","targetHints":{"allow":["GET"]}}],"collection":[{"href":"https:\/\/antonini.psc.br\/index.php?rest_route=\/wp\/v2\/posts"}],"about":[{"href":"https:\/\/antonini.psc.br\/index.php?rest_route=\/wp\/v2\/types\/post"}],"author":[{"embeddable":true,"href":"https:\/\/antonini.psc.br\/index.php?rest_route=\/wp\/v2\/users\/1"}],"replies":[{"embeddable":true,"href":"https:\/\/antonini.psc.br\/index.php?rest_route=%2Fwp%2Fv2%2Fcomments&post=30501"}],"version-history":[{"count":4,"href":"https:\/\/antonini.psc.br\/index.php?rest_route=\/wp\/v2\/posts\/30501\/revisions"}],"predecessor-version":[{"id":30510,"href":"https:\/\/antonini.psc.br\/index.php?rest_route=\/wp\/v2\/posts\/30501\/revisions\/30510"}],"wp:attachment":[{"href":"https:\/\/antonini.psc.br\/index.php?rest_route=%2Fwp%2Fv2%2Fmedia&parent=30501"}],"wp:term":[{"taxonomy":"category","embeddable":true,"href":"https:\/\/antonini.psc.br\/index.php?rest_route=%2Fwp%2Fv2%2Fcategories&post=30501"},{"taxonomy":"post_tag","embeddable":true,"href":"https:\/\/antonini.psc.br\/index.php?rest_route=%2Fwp%2Fv2%2Ftags&post=30501"}],"curies":[{"name":"wp","href":"https:\/\/api.w.org\/{rel}","templated":true}]}}