{"id":30609,"date":"2009-07-16T17:13:00","date_gmt":"2009-07-16T17:13:00","guid":{"rendered":"http:\/\/antonini.com.br\/?p=30609"},"modified":"2022-02-15T03:28:41","modified_gmt":"2022-02-15T03:28:41","slug":"desenvolvimento-dos-granulocitos-basofilicos-2","status":"publish","type":"post","link":"https:\/\/antonini.psc.br\/?p=30609","title":{"rendered":"Desenvolvimento dos granul\u00f3citos basof\u00edlicos"},"content":{"rendered":"<ul>\n<li style=\"text-align: justify;\">Basofiloblastos (mieloblasto basof\u00edlico): c\u00e9lulas com n\u00facleos parecidos com mieloblastos, com cromatina de densidade vari\u00e1vel. Estas c\u00e9lulas s\u00e3o raramente vistas na medula \u00f3ssea. Os nucl\u00e9olos s\u00e3o pouco distingu\u00edveis ou n\u00e3o vis\u00edveis. O citoplasma \u00e9 moderadamente grande e cont\u00e9m um pouco de gr\u00e2nulos violeta-escuro (basof\u00edlicos) de tamanhos vari\u00e1veis, que por vezes cobre o n\u00facleo das c\u00e9lulas. Tamb\u00e9m est\u00e3o presentes pequenas vac\u00faolos originados de gr\u00e2nulos lixiviados. As c\u00e9lulas raramente se dividem.<\/li>\n<\/ul>\n<p><img loading=\"lazy\" decoding=\"async\" class=\"aligncenter wp-image-30615\" src=\"http:\/\/antonini.com.br\/wp-content\/uploads\/2022\/01\/15a.jpg\" alt=\"\" width=\"300\" height=\"367\"\/><\/p>\n<p style=\"text-align: justify;\">Diferen\u00e7as m\u00ednimas de matura\u00e7\u00e3o de n\u00facleo sem aparecimento de formas intermedi\u00e1rias t\u00edpicas de miel\u00f3citos<\/p>\n<ul>\n<li style=\"text-align: justify;\">Granul\u00f3citos bas\u00f3filos (leuc\u00f3citos basof\u00edlicos): formas celulares com pequenos sinais de matura\u00e7\u00e3o. Muitos dos n\u00facleos s\u00e3o apenas recuados em locais diversos (em forma de trevo) ou s\u00e3o aproximadamente segmentado. A cromatina \u00e9 vista moderadamente e n\u00e3o marcadamente irregular. O n\u00facleo \u00e9 parcialmente recoberto por gr\u00e2nulos basof\u00edlicos. O citoplasma \u00e9 limitado e vagamente permeado por gr\u00e2nulos intensamente bas\u00f3filos, que muitas vezes forma uma \u00e1rea perif\u00e9rica parecida com uma coroa de flores. A colora\u00e7\u00e3o b\u00e1sica do citoplasma \u00e9 de um azul p\u00e1lido ou um rosa p\u00e1lido. Vac\u00faolos causados por degranula\u00e7\u00f5es s\u00e3o muitas vezes vistos.<\/li>\n<\/ul>\n<p>&nbsp;<\/p>\n<p style=\"text-align: justify;\"><img loading=\"lazy\" decoding=\"async\" class=\"wp-image-30616 aligncenter\" src=\"http:\/\/antonini.com.br\/wp-content\/uploads\/2022\/01\/15b.jpg\" alt=\"\" width=\"300\" height=\"366\"\/><\/p>\n<p style=\"text-align: center;\">[<a href=\"javascript:history.go(-1)\">Voltar<\/a>]<\/p>\n","protected":false},"excerpt":{"rendered":"<p>Basofiloblastos (mieloblasto basof\u00edlico): c\u00e9lulas com n\u00facleos parecidos com mieloblastos, com cromatina de densidade vari\u00e1vel. Estas c\u00e9lulas s\u00e3o raramente vistas na medula \u00f3ssea. Os nucl\u00e9olos s\u00e3o pouco distingu\u00edveis ou n\u00e3o vis\u00edveis. O citoplasma \u00e9 moderadamente grande e cont\u00e9m um pouco de gr\u00e2nulos violeta-escuro (basof\u00edlicos) de tamanhos vari\u00e1veis, que por vezes cobre o n\u00facleo das c\u00e9lulas. Tamb\u00e9m [&hellip;]<\/p>\n","protected":false},"author":1,"featured_media":0,"comment_status":"open","ping_status":"open","sticky":false,"template":"","format":"standard","meta":{"footnotes":""},"categories":[77],"tags":[],"class_list":["post-30609","post","type-post","status-publish","format-standard","hentry","category-hematologia"],"_links":{"self":[{"href":"https:\/\/antonini.psc.br\/index.php?rest_route=\/wp\/v2\/posts\/30609","targetHints":{"allow":["GET"]}}],"collection":[{"href":"https:\/\/antonini.psc.br\/index.php?rest_route=\/wp\/v2\/posts"}],"about":[{"href":"https:\/\/antonini.psc.br\/index.php?rest_route=\/wp\/v2\/types\/post"}],"author":[{"embeddable":true,"href":"https:\/\/antonini.psc.br\/index.php?rest_route=\/wp\/v2\/users\/1"}],"replies":[{"embeddable":true,"href":"https:\/\/antonini.psc.br\/index.php?rest_route=%2Fwp%2Fv2%2Fcomments&post=30609"}],"version-history":[{"count":4,"href":"https:\/\/antonini.psc.br\/index.php?rest_route=\/wp\/v2\/posts\/30609\/revisions"}],"predecessor-version":[{"id":30617,"href":"https:\/\/antonini.psc.br\/index.php?rest_route=\/wp\/v2\/posts\/30609\/revisions\/30617"}],"wp:attachment":[{"href":"https:\/\/antonini.psc.br\/index.php?rest_route=%2Fwp%2Fv2%2Fmedia&parent=30609"}],"wp:term":[{"taxonomy":"category","embeddable":true,"href":"https:\/\/antonini.psc.br\/index.php?rest_route=%2Fwp%2Fv2%2Fcategories&post=30609"},{"taxonomy":"post_tag","embeddable":true,"href":"https:\/\/antonini.psc.br\/index.php?rest_route=%2Fwp%2Fv2%2Ftags&post=30609"}],"curies":[{"name":"wp","href":"https:\/\/api.w.org\/{rel}","templated":true}]}}