{"id":31909,"date":"2015-10-26T02:56:08","date_gmt":"2015-10-26T02:56:08","guid":{"rendered":"http:\/\/antonini.med.br\/home\/?p=24691"},"modified":"2015-10-26T02:56:08","modified_gmt":"2015-10-26T02:56:08","slug":"a-tecnologia-que-nao-veio-2","status":"publish","type":"post","link":"https:\/\/antonini.psc.br\/?p=31909","title":{"rendered":"A tecnologia que n\u00e3o veio"},"content":{"rendered":"<p style=\"text-align: justify;\">Revendo revistas antigas encontrei em <b><i>O Cruzeiro<\/i><\/b> um texto muito interessante publicado por M\u00e1rio Soares em 1\u00ba de agosto de 1964, intitulado &#8220;Na base do ano 2000&#8221;, cheio de esperan\u00e7a de um futuro cheio de tecnologia no qual a sa\u00fade seria mera mercadoria e a morte poderia ser adiada indefinidamente e praticamente todos os \u00f3rg\u00e3os do corpo humano estariam a venda em lojas comerciais, mas passamos do ano 2000 e as previs\u00f5es do cronista n\u00e3o se concretizaram por completo, conforme previsto na cr\u00f4nica que voc\u00ea pode ler abaixo:<\/p>\n<p style=\"text-align: center;\"><strong><em>Na base do ano 2000<\/em><\/strong><\/p>\n<p style=\"text-align: center;\"><img loading=\"lazy\" decoding=\"async\" src=\"\/wp-content\/uploads\/2015\/10\/livro_portugues2-560.jpg\" alt=\"\" width=\"560\" height=\"342\" class=\"aligncenter size-full wp-image-25883\" srcset=\"https:\/\/antonini.psc.br\/wp-content\/uploads\/2015\/10\/livro_portugues2-560.jpg 560w, https:\/\/antonini.psc.br\/wp-content\/uploads\/2015\/10\/livro_portugues2-560-300x183.jpg 300w\" sizes=\"auto, (max-width: 560px) 100vw, 560px\" \/>\n<\/p>\n<p style=\"text-align: justify;\"><em>Passo por um cinema e o nome do filme, que fala em mercado de cora\u00e7\u00f5es, lembra-me um outro, que vi h\u00e1 muito tempo, e que, com este, tenho a certeza, n\u00e3o tem nenhuma rela\u00e7\u00e3o.<\/em><\/p>\n<p style=\"text-align: justify;\"><em>Mais de vinte anos s\u00e3o passados, desde a sua exibi\u00e7\u00e3o. Mostrava, creio, o s\u00e9culo vinte e um. \u00c9poca em que o pobre mortal, padecente de muitos males, poderia trocar, a seu bel-prazer, as pe\u00e7as gastas e enferrujadas do seu humano organismo. Lembro-me de um sujeito, americano alto e avermelhado, ue ia \u00e0 procura de excelente cora\u00e7\u00e3o, que o seu j\u00e1 estava pifado. E da velhota que buscava um figado novo em folha, para substituir o antigo. gasto pelo uso, procurando, entre v\u00e1rios, o mais adequado ao seu tipo<\/em><\/p>\n<p style=\"text-align: justify;\"><em>Leio os jornais e revistas deste presente sessenta e quatro. E neles encontro muita realidade que n\u00e3o est\u00e1 longe daquela fic\u00e7\u00e3o. No Jap\u00e3o trocam o rim doente de um enfermo por igual \u00f3rg\u00e3o sei l\u00e1 de que animal. Num pa\u00eds, dos subdesenvolvidos, colocam outro bra\u00e7o num acidentado. Cora\u00e7\u00e3o artificial n\u00e3o \u00e9 mais novidade. E n\u00f3s mesmos, aqui no Brasil, temos um conterr\u00e2neo, que at\u00e9 reportagem mereceu nesta revista, que anda por Minas carregando seu transistor no peito.<\/em><\/p>\n<p style=\"text-align: justify;\"><em>Solto as r\u00e9deas da imagina\u00e7\u00e3o e vejo um supermercado, onde n\u00e3o faltam desde os melhores ded\u00f5es do p\u00e9 a bem refinados c\u00e9rebros. E imagino algumas cenas. A pobre e desiludida mocinha, que rec\u00e9m levara um fora do namorado, sentindo destrocado o cora\u00e7\u00e3o, junto ao balc\u00e3o correspondente:<\/em><\/p>\n<p style=\"text-align: justify;\"><em>&#8211; A senhorita n\u00e3o teria, por a\u00ed, um cora\u00e7\u00e3o para mo\u00e7a de dezenove anos? Daqueles que n\u00e3o est\u00e3o sujeitos a paixonites?<\/em><\/p>\n<p style=\"text-align: justify;\"><em>Vejo Man\u00e9 Garrincha, meio encabulado, escondendo-se dos f\u00e3s, a procurar, numa ilha, um novo e sem problemas joelhocdireito. E a manchete, no dia seguinte, nas p\u00e1ginas esportivas:<\/em><\/p>\n<p style=\"text-align: justify;\"><em>\u00abGarrincha estreou joelho novo\u00bb.<\/em><\/p>\n<p style=\"text-align: justify;\"><em>Certos cronistas, de imagina\u00e7\u00e3o desgastada, a procurar afobados:<\/em><\/p>\n<p style=\"text-align: justify;\"><em>&#8211; N\u00e3o ter\u00e1 a\u00ed um c\u00e9rebro bem moderno, daqueles cheios de ideias? Mas, por favor, eu tenho pressa! Preciso us\u00e1-lo ainda hoje, quando for escrever o meu artigo.<\/em><\/p>\n<p style=\"text-align: justify;\"><em>A velhota, que acabara de sair invejosa de uma roda de twist, a indagar interessada:<\/em><\/p>\n<p style=\"text-align: justify;\"><em>&#8211; J\u00e1 chegou a nova partida de juntas? Estou louca para trocar as minhas.<\/em><\/p>\n<p style=\"text-align: justify;\"><em>Chego a ver o Le\u00f4nidas, de molejo novo, a pedir vaga no selecionado brasileiro, afirmando convicto:<\/em><\/p>\n<p style=\"text-align: justify;\"><em>&#8211; E agora, Feola, o que o Vav\u00e1 tem que eu n\u00e3o tenho?<\/em><\/p>\n<p style=\"text-align: justify;\"><em>Como seria a bossa nova? Broto de quinze, para ter mais experi\u00eancia, usando cora\u00e7\u00e3o de trinta? ou balzaquiana voltando \u00e0s suas dezoito primaveras, gra\u00e7as \u00e0 r\u00e1pida mudan\u00e7a na butique da esquina?<\/em><\/p>\n<p style=\"text-align: justify;\"><em>A infla\u00e7\u00e3o, por certo, influiria no pre\u00e7o dos artigos. E seriam naturais di\u00e1logos como este:<\/em><\/p>\n<p style=\"text-align: justify;\"><em>&#8211; Voc\u00ea viu como subiu o pre\u00e7o do est\u00f4mago? E a ves\u00edcula? Anda pela hora da morte.<\/em><\/p>\n<p style=\"text-align: justify;\"><em>&#8211; E, olha, j\u00e1 n\u00e3o se fazem mais narizes como os de antigamente.<\/em><\/p>\n<p style=\"text-align: justify;\"><em>Ou este:<\/em><\/p>\n<p style=\"text-align: justify;\"><em>&#8211; Como voc\u00ea cresceu, Eduardo!<\/em><\/p>\n<p style=\"text-align: justify;\"><em>&#8211; Cresci nada, Roberto. Mudei foi de pernas. Comprei estas altas, bem mais elegantes do que as antigas.<\/em><\/p>\n<p style=\"text-align: justify;\"><em>O mal \u00e9 que os rapazes iriam ficar na d\u00favida. A guria, que passasse teriam for\u00e7osamente que perguntar:<\/em><\/p>\n<p style=\"text-align: justify;\"><em>&#8211; \u00c9 mesmo modelo 1950, ou passou por reforma?<\/em><\/p>\n<p style=\"text-align: justify;\">At\u00e9 o final dos anos 1990 e come\u00e7o dos anos 2000, algumas dessas previs\u00f5es ou vis\u00f5es se concretizaram, como por exemplo as pr\u00f3teses articulares, apesar de n\u00e3o substitu\u00edrem perfeitamente a articula\u00e7\u00e3o natural devido a limita\u00e7\u00f5es mec\u00e2nicas e estruturais, mas permitem uma vida &#8220;quase normal&#8221; aos usu\u00e1rios.<em><br \/>\n<\/em><\/p>\n<p style=\"text-align: justify;\">Neste mesmo ano 2000 surgiram os primeiros resultados do projeto genoma humano que se propunha mapear e decifar todo o c\u00f3digo gen\u00e9tico, gene-a-gene, do ser humano e cujo representante brasileiro era o m\u00e9dico Salmo Raquini, geneticista e doutor em gen\u00e9tica pela Universidade Federal do Paran\u00e1. Ap\u00f3s alguns anos, mais alguns bilh\u00f5es de d\u00f3lares gastos e com 97% do genoma humano decifrado, os pesquisadores come\u00e7aram a se perguntar qual a utilidade de todo aquele trabalho colossal.<\/p>\n<p style=\"text-align: justify;\">A encruzilhada foi t\u00e3o intranspon\u00edvel que o Dr. Salmo Rasquini publicou, em 2010, um artigo intitulado: <a title=\"Link permanente para O genoma humano e a revolu\u00e7\u00e3o que n\u00e3o veio\" href=\"http:\/\/www.parana-online.com.br\/canal\/vida-e-saude\/news\/442521\/?noticia=O+GENOMA+HUMANO+E+A+REVOLUCAO+QUE+NAO+VEIO\" target=\"_blank\" rel=\"bookmark noopener noreferrer\">O genoma humano e a revolu\u00e7\u00e3o que n\u00e3o veio.<\/a><\/p>\n<p style=\"text-align: justify;\">Todos os dias aparece na televis\u00e3o ou na Internet, propagandas de drogas, alimentos, m\u00e9todos ou equipamentos que prometem milagres absurdos, e tamb\u00e9m s\u00e3o divulgados resultados de estudos cl\u00ednicos&nbsp; sugerindo que comer ou beber tal coisa, tomar tal droga ou fazer determinada atividade aumenta o tempo de vida e melhora a sa\u00fade, mas que n\u00e3o passam, tanto as propagandas, quanto as supostas pesquisas, de embustes para arrancar dinheiro ou enganar trouxas. Muitos resultados de pesquisas s\u00e3o lan\u00e7ados na m\u00eddia e na Internet de forma pouco confi\u00e1vel com o \u00fanico fito de catapultar as carreiras dos pesquisadores neles envolvidos.<\/p>\n<p style=\"text-align: center;\">[<a href=\"javascript:history.go(-1)\">Voltar<\/a>]<\/p>\n","protected":false},"excerpt":{"rendered":"<p>Revendo revistas antigas encontrei em O Cruzeiro um texto muito interessante publicado por M\u00e1rio Soares em 1\u00ba de agosto de 1964, intitulado &#8220;Na base do ano 2000&#8221;, cheio de esperan\u00e7a de um futuro cheio de tecnologia no qual a sa\u00fade &hellip; <a href=\"https:\/\/antonini.psc.br\/?p=31909\">Continue lendo <span class=\"meta-nav\">&rarr;<\/span><\/a><\/p>\n","protected":false},"author":1,"featured_media":0,"comment_status":"open","ping_status":"open","sticky":false,"template":"","format":"standard","meta":{"footnotes":""},"categories":[27],"tags":[],"class_list":["post-31909","post","type-post","status-publish","format-standard","hentry","category-noticias"],"_links":{"self":[{"href":"https:\/\/antonini.psc.br\/index.php?rest_route=\/wp\/v2\/posts\/31909","targetHints":{"allow":["GET"]}}],"collection":[{"href":"https:\/\/antonini.psc.br\/index.php?rest_route=\/wp\/v2\/posts"}],"about":[{"href":"https:\/\/antonini.psc.br\/index.php?rest_route=\/wp\/v2\/types\/post"}],"author":[{"embeddable":true,"href":"https:\/\/antonini.psc.br\/index.php?rest_route=\/wp\/v2\/users\/1"}],"replies":[{"embeddable":true,"href":"https:\/\/antonini.psc.br\/index.php?rest_route=%2Fwp%2Fv2%2Fcomments&post=31909"}],"version-history":[{"count":0,"href":"https:\/\/antonini.psc.br\/index.php?rest_route=\/wp\/v2\/posts\/31909\/revisions"}],"wp:attachment":[{"href":"https:\/\/antonini.psc.br\/index.php?rest_route=%2Fwp%2Fv2%2Fmedia&parent=31909"}],"wp:term":[{"taxonomy":"category","embeddable":true,"href":"https:\/\/antonini.psc.br\/index.php?rest_route=%2Fwp%2Fv2%2Fcategories&post=31909"},{"taxonomy":"post_tag","embeddable":true,"href":"https:\/\/antonini.psc.br\/index.php?rest_route=%2Fwp%2Fv2%2Ftags&post=31909"}],"curies":[{"name":"wp","href":"https:\/\/api.w.org\/{rel}","templated":true}]}}