{"id":32561,"date":"2024-04-22T00:01:43","date_gmt":"2024-04-22T00:01:43","guid":{"rendered":"https:\/\/antonini.psc.br\/?p=32561"},"modified":"2024-04-22T00:23:18","modified_gmt":"2024-04-22T00:23:18","slug":"mais-uma-daquelas-noticias-alarmistas-pseudo-cientificas-sem-fundamentacao-alguma","status":"publish","type":"post","link":"https:\/\/antonini.psc.br\/?p=32561","title":{"rendered":"Mais uma daquelas not\u00edcias alarmistas pseudo cient\u00edficas sem fundamenta\u00e7\u00e3o alguma"},"content":{"rendered":"<p style=\"text-align: justify;\">Com o t\u00edtulo espetaculoso &#8220;<strong>Veja como a \u00e1gua pode danificar o DNA<\/strong>&#8221; algu\u00e9m com objetivos nebulosos, talvez patrocinado por engarrafadores de aguas minerais, lan\u00e7ou mais uma daquelas not\u00edcias enganosas.<!--more--><\/p>\n<p style=\"text-align: justify;\">Tratamento d&#8217;\u00e1gua \u00e9 feito desde a d\u00e9cada de 1940 e a humanidade ainda n\u00e3o se extinguiu e ainda, n\u00e3o se usa nenhum composto de prata em nenhuma fase.<\/p>\n<p style=\"text-align: justify;\">O que se usa \u00e9 sulfato de alum\u00ednio, que precipita e fica no primeiro est\u00e1gio do tratamento; carv\u00e3o ativado nos filtros, carbonato de c\u00e1lcio quando a \u00e1gua est\u00e1 com odor, e cloro puro, em estado gasoso, adsorvido na \u00e1gua \u00e0 2ppm (partes por milh\u00e3o) na sa\u00edda do reservat\u00f3rio para a rede de distribui\u00e7\u00e3o e que deve chegar na torneira do usu\u00e1rio final \u00e0 0,5ppm e que, ao abrir a torneira, evaporar\u00e1 para a atmosf\u00e9rica.<\/p>\n<p style=\"text-align: justify;\">Eu j\u00e1 fiz tratamento de \u00e1gua em ETAs (esta\u00e7\u00f5es de tratamento de \u00e1gua) e conhe\u00e7o muito bem o processo.<\/p>\n<p style=\"text-align: justify;\">Se h\u00e1 aqui algum interesse em promover o uso de \u00e1gua mineral, adianto que elas s\u00e3o apenas filtradas grosseiramente ao sa\u00edrem das minas (por isso se chamam \u00e1guas minerais) e podem contar todo tipo de bact\u00e9rias poss\u00edveis. Fiz tamb\u00e9m muito exame microbiol\u00f3gico de \u00e1guas minerais comerciais e em quase todas elas cresceram bact\u00e9rias do grupo coliforme, que s\u00e3o bact\u00e9rias da flora intestinal.<\/p>\n<p style=\"text-align: center;\"><iframe loading=\"lazy\" src=\"\/\/www.youtube.com\/embed\/zfcRycLxJRk\" width=\"560\" height=\"314\" allowfullscreen=\"allowfullscreen\"><\/iframe><\/p>\n<p style=\"text-align: center;\">[<a href=\"javascript:history.go(-1)\">Voltar<\/a>]<\/p>\n","protected":false},"excerpt":{"rendered":"<p>Com o t\u00edtulo espetaculoso &#8220;Veja como a \u00e1gua pode danificar o DNA&#8221; algu\u00e9m com objetivos nebulosos, talvez patrocinado por engarrafadores de aguas minerais, lan\u00e7ou mais uma daquelas not\u00edcias enganosas.<\/p>\n","protected":false},"author":1,"featured_media":0,"comment_status":"open","ping_status":"open","sticky":false,"template":"","format":"standard","meta":{"footnotes":""},"categories":[124],"tags":[],"class_list":["post-32561","post","type-post","status-publish","format-standard","hentry","category-saude"],"_links":{"self":[{"href":"https:\/\/antonini.psc.br\/index.php?rest_route=\/wp\/v2\/posts\/32561","targetHints":{"allow":["GET"]}}],"collection":[{"href":"https:\/\/antonini.psc.br\/index.php?rest_route=\/wp\/v2\/posts"}],"about":[{"href":"https:\/\/antonini.psc.br\/index.php?rest_route=\/wp\/v2\/types\/post"}],"author":[{"embeddable":true,"href":"https:\/\/antonini.psc.br\/index.php?rest_route=\/wp\/v2\/users\/1"}],"replies":[{"embeddable":true,"href":"https:\/\/antonini.psc.br\/index.php?rest_route=%2Fwp%2Fv2%2Fcomments&post=32561"}],"version-history":[{"count":4,"href":"https:\/\/antonini.psc.br\/index.php?rest_route=\/wp\/v2\/posts\/32561\/revisions"}],"predecessor-version":[{"id":32565,"href":"https:\/\/antonini.psc.br\/index.php?rest_route=\/wp\/v2\/posts\/32561\/revisions\/32565"}],"wp:attachment":[{"href":"https:\/\/antonini.psc.br\/index.php?rest_route=%2Fwp%2Fv2%2Fmedia&parent=32561"}],"wp:term":[{"taxonomy":"category","embeddable":true,"href":"https:\/\/antonini.psc.br\/index.php?rest_route=%2Fwp%2Fv2%2Fcategories&post=32561"},{"taxonomy":"post_tag","embeddable":true,"href":"https:\/\/antonini.psc.br\/index.php?rest_route=%2Fwp%2Fv2%2Ftags&post=32561"}],"curies":[{"name":"wp","href":"https:\/\/api.w.org\/{rel}","templated":true}]}}