{"id":33130,"date":"2024-08-18T16:37:31","date_gmt":"2024-08-18T16:37:31","guid":{"rendered":"https:\/\/antonini.psc.br\/?p=33130"},"modified":"2024-08-18T17:20:47","modified_gmt":"2024-08-18T17:20:47","slug":"racismo-explicito-e-criminoso","status":"publish","type":"post","link":"https:\/\/antonini.psc.br\/?p=33130","title":{"rendered":"Racismo expl\u00edcito e criminoso"},"content":{"rendered":"<p style=\"text-align: justify;\">Por um acaso negros s\u00e3o deficientes f\u00edsicos ou mentais? Pertencem a alguma esp\u00e9cie diferente da <em>Homo sapiens<\/em>?<!--more--><\/p>\r\n<p style=\"text-align: justify;\">Se colocar 100 esqueletos de brancos e negros para os maiores peritos em anatomia patol\u00f3gica identificarem e separarem pela cor da pele, eles n\u00e3o conseguir\u00e3o distingui-los apenas pela osteomorfologia (forma dos ossos), podendo no m\u00e1ximo separar homens de <a href=\"https:\/\/opatriota.org\/?page_id=44054\" target=_blank\">mulheres BIOL\u00d3GICAS<\/a> pela rela\u00e7\u00e3o ombro\/pelve.<\/p>\r\n<p style=\"text-align: justify;\">Se derem 100 l\u00e2minas de extens\u00f5es de sangue venoso coradas com giemsa (um corante usado em hemograma) para um hematologista dizer qual \u00e9 de negro e qual \u00e9 de branco, tamb\u00e9m n\u00e3o conseguir\u00e3o distingui-los, sendo poss\u00edvel, no m\u00e1ximo, dizer quais l\u00e2minas s\u00e3o de homens e quais as de mulheres BIOL\u00d3GICAS, pela presen\u00e7a da cromatina sexual, tamb\u00e9m chamada de Corp\u00fasculo de Barr.<\/p>\r\n<div id=\"attachment_33137\" style=\"width: 534px\" class=\"wp-caption aligncenter\"><img loading=\"lazy\" decoding=\"async\" aria-describedby=\"caption-attachment-33137\" class=\"wp-image-33137 size-full\" src=\"https:\/\/antonini.psc.br\/wp-content\/uploads\/2024\/08\/cromatina.jpg\" alt=\"As flechas apontam a cromatina sexual ou corp\u00fasculo de Barr\" width=\"524\" height=\"414\" srcset=\"https:\/\/antonini.psc.br\/wp-content\/uploads\/2024\/08\/cromatina.jpg 524w, https:\/\/antonini.psc.br\/wp-content\/uploads\/2024\/08\/cromatina-300x237.jpg 300w, https:\/\/antonini.psc.br\/wp-content\/uploads\/2024\/08\/cromatina-380x300.jpg 380w\" sizes=\"auto, (max-width: 524px) 100vw, 524px\" \/><p id=\"caption-attachment-33137\" class=\"wp-caption-text\">As flechas apontam a cromatina sexual ou corp\u00fasculo de Barr<\/p><\/div>\r\n<p style=\"text-align: justify;\">A quem interessa o racismo ideol\u00f3gico, sen\u00e3o a ditadores comunistas\/socilistas que desejam dominar, escravizar e saquear povos ou na\u00e7\u00f5es e para isso usam das velhas e &#8220;manjadas&#8221; artimanhas da luta de classes e divis\u00e3o da sociedades entre riscos e pobres, negros e brancos, crist\u00e3os, judeus, mu\u00e7ulmanos, para provocar o caos e dominar facilmente a popula\u00e7\u00e3o.<\/p>\r\n\r\n<blockquote class=\"wp-block-quote is-layout-flow wp-block-quote-is-layout-flow\">\r\n<p style=\"text-align: justify;\">Congresso branco aprova PEC que coloca mais uma pedra no caminho dos negros<br \/><br \/>Rodrigo Barradas<br \/><br \/>O Congresso aprovou a PEC da Anistia, que perdoa as d\u00edvidas tribut\u00e1rias de mais de cinco anos dos partidos e permite o refinanciamento de outras multas. Com isso, os partidos que destinaram o dinheiro dos fundos partid\u00e1rio e eleitoral previsto em lei para candidaturas de mulheres e negros se livram de san\u00e7\u00f5es.<br \/>De Leonardo Sakamoto: &#8220;<a href=\"https:\/\/newlink.newsletteruol.com.br\/cl\/PSWLU\/GWeP\/6117\/H2U_ebHUHf6\/BKWY\/NjqfrXoxFaM\/1\/\" target=\"_blank\" rel=\"noreferrer noopener\">Poderia se chamar de PEC da Falsa Maioria Branca, pois evidencia que a preocupa\u00e7\u00e3o com a pluralidade na pol\u00edtica \u00e9 apenas discurso de campanha eleitoral. E que &#8220;mudan\u00e7a&#8221; \u00e9, n\u00e3o raro, slogan de marqueteiro resgatado do limbo de dois em dois anos<\/a>&#8220;. Algu\u00e9m discorda?<br \/><br \/>Leonardo Sakamoto: <a href=\"https:\/\/newlink.newsletteruol.com.br\/cl\/PSWLU\/GWeP\/6117\/H2U_ebHUHf6\/BKWY\/NjqfrXoxFaM\/2\/\" target=\"_blank\" rel=\"noreferrer noopener\">Congresso branco aprova PEC que coloca mais uma pedra no caminho dos negros<\/a><\/p>\r\n<\/blockquote>\r\n\r\n<p style=\"text-align: center;\">[<a href=\"javascript:history.go(-1)\">Voltar<\/a>]<\/p>","protected":false},"excerpt":{"rendered":"<p>Por um acaso negros s\u00e3o deficientes f\u00edsicos ou mentais? Pertencem a alguma esp\u00e9cie diferente da Homo sapiens?<\/p>\n","protected":false},"author":1,"featured_media":0,"comment_status":"open","ping_status":"open","sticky":false,"template":"","format":"standard","meta":{"footnotes":""},"categories":[29],"tags":[],"class_list":["post-33130","post","type-post","status-publish","format-standard","hentry","category-politica"],"_links":{"self":[{"href":"https:\/\/antonini.psc.br\/index.php?rest_route=\/wp\/v2\/posts\/33130","targetHints":{"allow":["GET"]}}],"collection":[{"href":"https:\/\/antonini.psc.br\/index.php?rest_route=\/wp\/v2\/posts"}],"about":[{"href":"https:\/\/antonini.psc.br\/index.php?rest_route=\/wp\/v2\/types\/post"}],"author":[{"embeddable":true,"href":"https:\/\/antonini.psc.br\/index.php?rest_route=\/wp\/v2\/users\/1"}],"replies":[{"embeddable":true,"href":"https:\/\/antonini.psc.br\/index.php?rest_route=%2Fwp%2Fv2%2Fcomments&post=33130"}],"version-history":[{"count":10,"href":"https:\/\/antonini.psc.br\/index.php?rest_route=\/wp\/v2\/posts\/33130\/revisions"}],"predecessor-version":[{"id":33141,"href":"https:\/\/antonini.psc.br\/index.php?rest_route=\/wp\/v2\/posts\/33130\/revisions\/33141"}],"wp:attachment":[{"href":"https:\/\/antonini.psc.br\/index.php?rest_route=%2Fwp%2Fv2%2Fmedia&parent=33130"}],"wp:term":[{"taxonomy":"category","embeddable":true,"href":"https:\/\/antonini.psc.br\/index.php?rest_route=%2Fwp%2Fv2%2Fcategories&post=33130"},{"taxonomy":"post_tag","embeddable":true,"href":"https:\/\/antonini.psc.br\/index.php?rest_route=%2Fwp%2Fv2%2Ftags&post=33130"}],"curies":[{"name":"wp","href":"https:\/\/api.w.org\/{rel}","templated":true}]}}