{"id":33314,"date":"2024-09-13T00:35:24","date_gmt":"2024-09-13T00:35:24","guid":{"rendered":"https:\/\/antonini.psc.br\/?p=33306"},"modified":"2024-09-13T00:35:24","modified_gmt":"2024-09-13T00:35:24","slug":"remedio-para-dormir-pode-ajudar-a-combater-o-alzheimer","status":"publish","type":"post","link":"https:\/\/antonini.psc.br\/?p=33314","title":{"rendered":"Rem\u00e9dio para dormir pode ajudar a combater o Alzheimer"},"content":{"rendered":"<p style=\"text-align: justify;\">O mecanismo de implanta\u00e7\u00e3o da dem\u00eancia senil, chamada de Alzheimer para n\u00e3o chocar tanto, sequer \u00e9 conhecido.<!--more--><\/p>\n<p style=\"text-align: justify;\">At\u00e9 hoje, mesmo com sequenciamento gen\u00e9tico, com milhares de centros de pesquisa espalhados pelo mundo se esfor\u00e7ando para decifrar as causas da doen\u00e7a, n\u00e3o se sabe como ela come\u00e7a, onde come\u00e7a e porque come\u00e7a.<\/p>\n<p style=\"text-align: justify;\">O que \u00e9 conhecido \u00e9 o que causa o quadro de amn\u00e9sia severa, causado por encapsulamento ou &#8220;isolamente&#8221; de ax\u00f4nios das \u00e1reas ligadas ao engrama ou mem\u00f3ria acumulada. Leia <a href=\"https:\/\/olhardigital.com.br\/2024\/09\/10\/medicina-e-saude\/remedio-para-dormir-pode-ajudar-a-combater-o-alzheimer\/\" target=\"_blank\" rel=\"noreferrer noopener\">aqui<\/a><\/p>\n<p style=\"text-align: center;\">[<a href=\"javascript:history.go(-1)\">Voltar<\/a>]<\/p>\n","protected":false},"excerpt":{"rendered":"<p>O mecanismo de implanta\u00e7\u00e3o da dem\u00eancia senil, chamada de Alzheimer para n\u00e3o chocar tanto, sequer \u00e9 conhecido.<\/p>\n","protected":false},"author":1,"featured_media":0,"comment_status":"open","ping_status":"open","sticky":false,"template":"","format":"standard","meta":{"footnotes":""},"categories":[27],"tags":[],"class_list":["post-33314","post","type-post","status-publish","format-standard","hentry","category-noticias"],"_links":{"self":[{"href":"https:\/\/antonini.psc.br\/index.php?rest_route=\/wp\/v2\/posts\/33314","targetHints":{"allow":["GET"]}}],"collection":[{"href":"https:\/\/antonini.psc.br\/index.php?rest_route=\/wp\/v2\/posts"}],"about":[{"href":"https:\/\/antonini.psc.br\/index.php?rest_route=\/wp\/v2\/types\/post"}],"author":[{"embeddable":true,"href":"https:\/\/antonini.psc.br\/index.php?rest_route=\/wp\/v2\/users\/1"}],"replies":[{"embeddable":true,"href":"https:\/\/antonini.psc.br\/index.php?rest_route=%2Fwp%2Fv2%2Fcomments&post=33314"}],"version-history":[{"count":0,"href":"https:\/\/antonini.psc.br\/index.php?rest_route=\/wp\/v2\/posts\/33314\/revisions"}],"wp:attachment":[{"href":"https:\/\/antonini.psc.br\/index.php?rest_route=%2Fwp%2Fv2%2Fmedia&parent=33314"}],"wp:term":[{"taxonomy":"category","embeddable":true,"href":"https:\/\/antonini.psc.br\/index.php?rest_route=%2Fwp%2Fv2%2Fcategories&post=33314"},{"taxonomy":"post_tag","embeddable":true,"href":"https:\/\/antonini.psc.br\/index.php?rest_route=%2Fwp%2Fv2%2Ftags&post=33314"}],"curies":[{"name":"wp","href":"https:\/\/api.w.org\/{rel}","templated":true}]}}