{"id":33540,"date":"2024-10-13T02:00:45","date_gmt":"2024-10-13T02:00:45","guid":{"rendered":"https:\/\/antonini.com.br\/?p=33540"},"modified":"2024-10-13T02:13:28","modified_gmt":"2024-10-13T02:13:28","slug":"a-historia-da-princesa-isabel-e-de-nossa-senhora-aparecida","status":"publish","type":"post","link":"https:\/\/antonini.psc.br\/?p=33540","title":{"rendered":"A Hist\u00f3ria da Princesa Isabel e de Nossa Senhora Aparecida"},"content":{"rendered":"<p style=\"text-align: justify;\">H\u00e1 uma tremenda mentira no v\u00eddeo&#8230;<!--more--><\/p>\n<p style=\"text-align: justify;\">Os Ma\u00e7ons foram os que mais se empenharam na aboli\u00e7\u00e3o da escravatura.<\/p>\n<p style=\"text-align: justify;\">Quem n\u00e3o queria perder a m\u00e3o de obra escrava eram os profanos que enriqueciam \u00e0s custas do trabalho escravo e tamb\u00e9m do tr\u00e1fico deles, geralmente senhores de engenhos da abastada (e abestada) aristocracia. Precisam verificar melhor as fontes hist\u00f3ricas, com imparcialidade.<\/p>\n<p style=\"text-align: justify;\">Se n\u00e3o fosse um Ma\u00e7om, o Cardeal Angelo Maria Giuseppe Roncalli, <em>qui sibi nomina<\/em> (quem se nomeia) Santo Papa Jo\u00e3o XXIII, os cat\u00f3licos estariam rezando missa em latim at\u00e9 hoje, com o padre de costas para os fi\u00e9is (ALBUQUERQUE, 1959).<\/p>\n<p style=\"text-align: justify;\">Aos padres, pastores, etc, interessa muito denegrir a Ma\u00e7onaria porque ela \u00e9 a ant\u00edtese da domina\u00e7\u00e3o religiosa. Os Ma\u00e7ons acreditam que qualquer ser humano pode falar ou chegar a Deus, desde que justo e bom, n\u00e3o precisando pagar ped\u00e1gio para sacerdotes e isso n\u00e3o interessa nem um pouco aos sacerdotes que vivem dos d\u00edzimos.<\/p>\n<p style=\"text-align: justify;\">Sou cat\u00f3lico, mas estudei o b\u00e1sico da hist\u00f3ria da humanidade.<\/p>\n<p style=\"text-align: center;\"><iframe loading=\"lazy\" src=\"\/\/www.youtube.com\/embed\/dCa1bRPPpQ4\" allowfullscreen=\"allowfullscreen\" width=\"560\" height=\"314\"><\/iframe><\/p>\n<hr \/>\n<p>ALBUQUERQUE, A. T. <strong>O que \u00e9 a Ma\u00e7onaria.<\/strong> Rio de Janeiro : Ed. Aurora, 1959.<\/p>\n<p style=\"text-align: center;\">[<a href=\"javascript:history.go(-1)\">Voltar<\/a>]<\/p>\n","protected":false},"excerpt":{"rendered":"<p>H\u00e1 uma tremenda mentira no v\u00eddeo&#8230;<\/p>\n","protected":false},"author":1,"featured_media":0,"comment_status":"open","ping_status":"open","sticky":false,"template":"","format":"standard","meta":{"footnotes":""},"categories":[20],"tags":[],"class_list":["post-33540","post","type-post","status-publish","format-standard","hentry","category-historia"],"_links":{"self":[{"href":"https:\/\/antonini.psc.br\/index.php?rest_route=\/wp\/v2\/posts\/33540","targetHints":{"allow":["GET"]}}],"collection":[{"href":"https:\/\/antonini.psc.br\/index.php?rest_route=\/wp\/v2\/posts"}],"about":[{"href":"https:\/\/antonini.psc.br\/index.php?rest_route=\/wp\/v2\/types\/post"}],"author":[{"embeddable":true,"href":"https:\/\/antonini.psc.br\/index.php?rest_route=\/wp\/v2\/users\/1"}],"replies":[{"embeddable":true,"href":"https:\/\/antonini.psc.br\/index.php?rest_route=%2Fwp%2Fv2%2Fcomments&post=33540"}],"version-history":[{"count":5,"href":"https:\/\/antonini.psc.br\/index.php?rest_route=\/wp\/v2\/posts\/33540\/revisions"}],"predecessor-version":[{"id":33545,"href":"https:\/\/antonini.psc.br\/index.php?rest_route=\/wp\/v2\/posts\/33540\/revisions\/33545"}],"wp:attachment":[{"href":"https:\/\/antonini.psc.br\/index.php?rest_route=%2Fwp%2Fv2%2Fmedia&parent=33540"}],"wp:term":[{"taxonomy":"category","embeddable":true,"href":"https:\/\/antonini.psc.br\/index.php?rest_route=%2Fwp%2Fv2%2Fcategories&post=33540"},{"taxonomy":"post_tag","embeddable":true,"href":"https:\/\/antonini.psc.br\/index.php?rest_route=%2Fwp%2Fv2%2Ftags&post=33540"}],"curies":[{"name":"wp","href":"https:\/\/api.w.org\/{rel}","templated":true}]}}