{"id":3452,"date":"2009-04-30T20:59:39","date_gmt":"2009-04-30T23:59:39","guid":{"rendered":"http:\/\/antonini.med.br\/blog\/?p=3452"},"modified":"2022-02-15T03:29:21","modified_gmt":"2022-02-15T03:29:21","slug":"variacao-genetica-relacionada-a-autismo","status":"publish","type":"post","link":"https:\/\/antonini.psc.br\/?p=3452","title":{"rendered":"Varia\u00e7\u00e3o gen\u00e9tica relacionada a autismo"},"content":{"rendered":"<p style=\"text-align: justify;\">Interessante encontrar um artigo desta natureza em um s\u00edtio especializado em inform\u00e1tica. Como muitos especialistas defendem publicamente, em um futuro pr\u00f3ximo, um analista de sistema ou um engenheiro de sistemas ser\u00e1 mais importante que um m\u00e9dico ou um cirurgi\u00e3o.<!--more--><\/p>\n<p style=\"text-align: center;\"><img loading=\"lazy\" decoding=\"async\" class=\"alignleft size-full wp-image-18049\" alt=\"cerebros-p_b\" src=\"http:\/\/antonini.med.br\/home\/wp-content\/uploads\/2009\/04\/cerebros-p_b.jpg\" width=\"299\" height=\"412\" srcset=\"https:\/\/antonini.psc.br\/wp-content\/uploads\/2009\/04\/cerebros-p_b.jpg 299w, https:\/\/antonini.psc.br\/wp-content\/uploads\/2009\/04\/cerebros-p_b-217x300.jpg 217w\" sizes=\"auto, (max-width: 299px) 100vw, 299px\" \/><\/p>\n<p style=\"text-align: justify;\">Que os genes participantes da forma\u00e7\u00e3o e da conserva\u00e7\u00e3o das conex\u00f5es de c\u00e9lulas cerebrais est\u00e3o ligados ao autismo, os cientistas j\u00e1 desconfiavam.<\/p>\n<p style=\"text-align: justify;\">Agora, por\u00e9m, um estudo de 30 institui\u00e7\u00f5es de pesquisa nos Estados Unidos diz ter identificado a varia\u00e7\u00e3o gen\u00e9tica respons\u00e1vel.<\/p>\n<p style=\"text-align: justify;\">Mais de 10 mil pessoas, entre 2000 portadores da desordem do desenvolvimento neurol\u00f3gico e volunt\u00e1rios, participaram da pesquisa que concluiu que a varia\u00e7\u00e3o do gene CDH10 se mostrou altamente comum em crian\u00e7as autistas, segundo a edi\u00e7\u00e3o de ontem (28\/4) da <a href=\"http:\/\/www.nature.com\/nature\/journal\/vaop\/ncurrent\/pdf\/nature07999.pdf\" target=\"_blank\" rel=\"noopener noreferrer\">Revista Nature<\/a>.<\/p>\n<p style=\"text-align: justify;\">Comum na popula\u00e7\u00e3o em geral, a variante gen\u00e9tica se mostrou 20% mais freq\u00fcente em crian\u00e7as autistas. Deste modo, o gene est\u00e1 ligado ao desenvolvimento cerebral e, de acordo com os estudiosos, uma altera\u00e7\u00e3o desta estirpe no c\u00f3digo gen\u00e9tico de um pequeno indiv\u00edduo com autismo \u00e9 mais do que uma simples muta\u00e7\u00e3o, visto que se trata de \u201cum fator de risco para a origem da doen\u00e7a\u201d.<\/p>\n<p style=\"text-align: justify;\">O resultado da pesquisa sugere que o CDH10 \u00e9 acionado em est\u00e1gio muito inicial. A atividade pr\u00e9-natal torna o indiv\u00edduo mais apto ao autismo, dizem os cientistas.<\/p>\n<p style=\"text-align: justify;\">Um outro estudo publicado na mesma Nature sugere que h\u00e1 uma rela\u00e7\u00e3o entre autismo e excesso de ubiquitina, uma prote\u00edna envolvida no desenvolvimento das conex\u00f5es do sistema nervoso central.<\/p>\n<p style=\"text-align: center;\">[<a href=\"javascript:history.go(-1)\">Voltar<\/a>]<\/p>\n","protected":false},"excerpt":{"rendered":"<p>Interessante encontrar um artigo desta natureza em um s\u00edtio especializado em inform\u00e1tica. Como muitos especialistas defendem publicamente, em um futuro pr\u00f3ximo, um analista de sistema ou um engenheiro de sistemas ser\u00e1 mais importante que um m\u00e9dico ou um cirurgi\u00e3o.<\/p>\n","protected":false},"author":1,"featured_media":0,"comment_status":"open","ping_status":"open","sticky":false,"template":"","format":"standard","meta":{"footnotes":""},"categories":[21,24,27],"tags":[],"class_list":["post-3452","post","type-post","status-publish","format-standard","hentry","category-h-p","category-informatica","category-noticias"],"_links":{"self":[{"href":"https:\/\/antonini.psc.br\/index.php?rest_route=\/wp\/v2\/posts\/3452","targetHints":{"allow":["GET"]}}],"collection":[{"href":"https:\/\/antonini.psc.br\/index.php?rest_route=\/wp\/v2\/posts"}],"about":[{"href":"https:\/\/antonini.psc.br\/index.php?rest_route=\/wp\/v2\/types\/post"}],"author":[{"embeddable":true,"href":"https:\/\/antonini.psc.br\/index.php?rest_route=\/wp\/v2\/users\/1"}],"replies":[{"embeddable":true,"href":"https:\/\/antonini.psc.br\/index.php?rest_route=%2Fwp%2Fv2%2Fcomments&post=3452"}],"version-history":[{"count":1,"href":"https:\/\/antonini.psc.br\/index.php?rest_route=\/wp\/v2\/posts\/3452\/revisions"}],"predecessor-version":[{"id":28046,"href":"https:\/\/antonini.psc.br\/index.php?rest_route=\/wp\/v2\/posts\/3452\/revisions\/28046"}],"wp:attachment":[{"href":"https:\/\/antonini.psc.br\/index.php?rest_route=%2Fwp%2Fv2%2Fmedia&parent=3452"}],"wp:term":[{"taxonomy":"category","embeddable":true,"href":"https:\/\/antonini.psc.br\/index.php?rest_route=%2Fwp%2Fv2%2Fcategories&post=3452"},{"taxonomy":"post_tag","embeddable":true,"href":"https:\/\/antonini.psc.br\/index.php?rest_route=%2Fwp%2Fv2%2Ftags&post=3452"}],"curies":[{"name":"wp","href":"https:\/\/api.w.org\/{rel}","templated":true}]}}