{"id":3457,"date":"2009-05-01T11:56:08","date_gmt":"2009-05-01T14:56:08","guid":{"rendered":"http:\/\/antonini.med.br\/blog\/?p=3457"},"modified":"2022-02-15T03:29:21","modified_gmt":"2022-02-15T03:29:21","slug":"o-que-e-o-dia-internacional-do-trabalhor-1%c2%ba-de-maio","status":"publish","type":"post","link":"https:\/\/antonini.psc.br\/?p=3457","title":{"rendered":"O que \u00e9 o dia internacional do trabalhor &#8211; 1\u00ba de Maio"},"content":{"rendered":"<p style=\"text-align: justify;\">Dia do Trabalhador homenageia greve de oper\u00e1rios americanos.<!--more--><\/p>\n<p style=\"text-align: justify;\">\n<div id=\"attachment_3461\" style=\"width: 310px\" class=\"wp-caption alignleft\"><img loading=\"lazy\" decoding=\"async\" aria-describedby=\"caption-attachment-3461\" class=\"size-full wp-image-3461\" title=\"1_de_maio\" src=\"http:\/\/heinzpechner.org\/blog\/wp-content\/uploads\/2009\/05\/1_de_maio.gif\" alt=\"Gravura mostra a repress\u00e3o \u00e0 greve em Chicago que originou o 1o de maio\" width=\"300\" height=\"208\" \/><p id=\"caption-attachment-3461\" class=\"wp-caption-text\">Gravura mostra a repress\u00e3o \u00e0 greve em Chicago que originou o 1o de maio<\/p><\/div>\n<p style=\"text-align: justify;\">No dia 1\u00ba de maio, comemora-se o Dia do Trabalho e do trabalhador. O ato de trabalhar est\u00e1 presente na vida humana desde tempos primitivos. O homem das cavernas, por exemplo, precisava ca\u00e7ar para poder se alimentar e sobreviver. Assim, um de seus desafios di\u00e1rios era o de encontrar um animal e abat\u00ea-lo.<\/p>\n<p style=\"text-align: justify;\">A vida foi evoluindo e a rela\u00e7\u00e3o do homem com o trabalho tamb\u00e9m passou por suas modifica\u00e7\u00f5es, mas, at\u00e9 hoje, homens e mulheres saem de suas casas, ou permanecem nelas para desenvolver v\u00e1rias atividades produtivas que garantam sua sobreviv\u00eancia.<\/p>\n<p style=\"text-align: justify;\">A palavra trabalho pode ter v\u00e1rios significados, mas em todos eles, a atividade, o fazer e a produtividade est\u00e3o presentes. Estudar, fazer li\u00e7\u00e3o de casa, produzir um texto, uma pintura, costurar, cozinhar, construir uma ponte, tudo isso s\u00e3o formas de trabalhar.<\/p>\n<p style=\"text-align: justify;\">Apesar de o trabalho ser uma necessidade b\u00e1sica da sobreviv\u00eancia, em torno dele existem muitos conflitos, j\u00e1 que o pagamento feito a um trabalhador nem sempre \u00e9 adequado ou justo. Pense no sal\u00e1rio m\u00ednimo, aqui no Brasil, que tem um valor muito pequeno e n\u00e3o \u00e9 suficiente para garantir uma vida digna a quem o recebe.<\/p>\n<p style=\"text-align: justify;\">A data que comemora o Dia do Trabalho, a prop\u00f3sito, surgiu justamente de uma situa\u00e7\u00e3o de conflito entre trabalhadores e patr\u00f5es. Ela foi escolhida como homenagem a uma greve geral que aconteceu em 1\u00ba de maio de 1886, em Chicago, centro industrial dos Estados Unidos. Neste dia, os trabalhadores revoltados com as condi\u00e7\u00f5es desumanas de trabalho sa\u00edram \u00e0s ruas para fazer suas reivindica\u00e7\u00f5es.<\/p>\n<p style=\"text-align: justify;\">Exigiam, entre outras coisas, a redu\u00e7\u00e3o da jornada de trabalho de 13 para 8 horas di\u00e1rias. Houve muitos discursos, passeatas, e piquetes nessa data e a pol\u00edcia acabou intervindo para reprimir duramente os trabalhadores. Houve pris\u00f5es, feridos e at\u00e9 mortos no confronto entre policiais e oper\u00e1rios.<\/p>\n<p style=\"text-align: justify;\">Para lembrar e homenagear este dia de reivindica\u00e7\u00f5es, mortes, e lutas por melhores condi\u00e7\u00f5es de vida para o trabalhador, um congresso socialista, realizado em Paris em 1889, instituiu o dia 1\u00ba de maio como o Dia Mundial do Trabalho.<br \/>\n*Carla Caruso \u00e9 escritora, pesquisadora e realiza projetos de capacita\u00e7\u00e3o de professores no Estado de S\u00e3o Paulo.\n<\/p>\n<p style=\"text-align: justify;\">Leia a mat\u00e9ria original <a href=\"http:\/\/educacao.uol.com.br\/datas-comemorativas\/ult1688u10.jhtm\" target=\"_blank\" rel=\"noopener noreferrer\">aqui<\/a><\/p>\n<p style=\"text-align: center;\">[<a href=\"javascript:history.go(-1)\">Voltar<\/a>]<\/p>\n","protected":false},"excerpt":{"rendered":"<p>Dia do Trabalhador homenageia greve de oper\u00e1rios americanos.<\/p>\n","protected":false},"author":1,"featured_media":0,"comment_status":"open","ping_status":"open","sticky":false,"template":"","format":"standard","meta":{"footnotes":""},"categories":[20,27],"tags":[],"class_list":["post-3457","post","type-post","status-publish","format-standard","hentry","category-historia","category-noticias"],"_links":{"self":[{"href":"https:\/\/antonini.psc.br\/index.php?rest_route=\/wp\/v2\/posts\/3457","targetHints":{"allow":["GET"]}}],"collection":[{"href":"https:\/\/antonini.psc.br\/index.php?rest_route=\/wp\/v2\/posts"}],"about":[{"href":"https:\/\/antonini.psc.br\/index.php?rest_route=\/wp\/v2\/types\/post"}],"author":[{"embeddable":true,"href":"https:\/\/antonini.psc.br\/index.php?rest_route=\/wp\/v2\/users\/1"}],"replies":[{"embeddable":true,"href":"https:\/\/antonini.psc.br\/index.php?rest_route=%2Fwp%2Fv2%2Fcomments&post=3457"}],"version-history":[{"count":1,"href":"https:\/\/antonini.psc.br\/index.php?rest_route=\/wp\/v2\/posts\/3457\/revisions"}],"predecessor-version":[{"id":28045,"href":"https:\/\/antonini.psc.br\/index.php?rest_route=\/wp\/v2\/posts\/3457\/revisions\/28045"}],"wp:attachment":[{"href":"https:\/\/antonini.psc.br\/index.php?rest_route=%2Fwp%2Fv2%2Fmedia&parent=3457"}],"wp:term":[{"taxonomy":"category","embeddable":true,"href":"https:\/\/antonini.psc.br\/index.php?rest_route=%2Fwp%2Fv2%2Fcategories&post=3457"},{"taxonomy":"post_tag","embeddable":true,"href":"https:\/\/antonini.psc.br\/index.php?rest_route=%2Fwp%2Fv2%2Ftags&post=3457"}],"curies":[{"name":"wp","href":"https:\/\/api.w.org\/{rel}","templated":true}]}}