{"id":3566,"date":"2009-05-02T02:46:47","date_gmt":"2009-05-02T05:46:47","guid":{"rendered":"http:\/\/antonini.med.br\/blog\/?p=3566"},"modified":"2022-02-15T03:29:20","modified_gmt":"2022-02-15T03:29:20","slug":"ministro-descarta-panico-mas-diz-que-chegada-da-gripe-suina-ao-brasil-e-inevitavel","status":"publish","type":"post","link":"https:\/\/antonini.psc.br\/?p=3566","title":{"rendered":"Ministro descarta p\u00e2nico, mas diz que chegada da gripe su\u00edna ao Brasil \u00e9 inevit\u00e1vel"},"content":{"rendered":"<p style=\"text-align: justify;\">Ministro descarta p\u00e2nico, mas diz que chegada da gripe su\u00edna ao Brasil \u00e9 inevit\u00e1vel.<!--more--><strong>CIRILO JUNIOR<\/strong><br \/>\nda Folha Online, no Rio\n<\/p>\n<p style=\"text-align: justify;\">Atualizado \u00e0s 18h45.<\/p>\n<p style=\"text-align: justify;\">O ministro Jos\u00e9 Gomes Tempor\u00e3o (Sa\u00fade) afirmou nesta sexta-feira que n\u00e3o h\u00e1 motivo para &#8220;p\u00e2nico ou inquieta\u00e7\u00e3o&#8221; em rela\u00e7\u00e3o \u00e0 gripe su\u00edna &#8211;cujo nome oficial \u00e9 &#8220;Influenza A (H1N1)&#8221;. Em entrevista concedida no Rio, o ministro admitiu, no entanto, que a chegada do v\u00edrus \u00e9 &#8220;inevit\u00e1vel&#8221;, mas voltou dizer que o Brasil est\u00e1 preparado para enfrentar a doen\u00e7a, caso seja confirmada alguma contamina\u00e7\u00e3o no pa\u00eds.<\/p>\n<p style=\"text-align: justify;\">&#8220;A chegada do v\u00edrus \u00e9 inevit\u00e1vel. Ele j\u00e1 est\u00e1 em pelo menos <a href=\"http:\/\/www1.folha.uol.com.br\/folha\/mundo\/ult94u559225.shtml\">13 pa\u00edses<\/a>. [&#8230;.] Na Am\u00e9rica do Sul chegou a ser anunciado um caso [no Peru], mas foi descartado&#8221;, afirmou Tempor\u00e3o.<\/p>\n<p style=\"text-align: justify;\">No final da tarde de hoje, o Minist\u00e9rio da Sa\u00fade informou que subiu para <a href=\"http:\/\/www1.folha.uol.com.br\/folha\/cotidiano\/ult95u559229.shtml\">sete o n\u00famero de casos suspeitos<\/a> da gripe su\u00edna registrados no Brasil. O \u00f3rg\u00e3o informou que tr\u00eas dos pacientes est\u00e3o internados em Minas Gerais, dois em S\u00e3o Paulo, um no Esp\u00edrito Santo e outro no Rio de Janeiro.<\/p>\n<p style=\"text-align: justify;\">Ainda n\u00e3o h\u00e1 confirma\u00e7\u00e3o de contamina\u00e7\u00e3o da doen\u00e7a no pa\u00eds. Os pacientes cujos casos s\u00e3o considerados suspeitos passam por tratamento m\u00e9dico.<\/p>\n<p style=\"text-align: justify;\">Segundo o ministro, n\u00e3o h\u00e1 motivo para p\u00e2nico, j\u00e1 que o Brasil tem mat\u00e9ria-prima para produzir medicamentos para o tratamento de at\u00e9 <a href=\"http:\/\/www1.folha.uol.com.br\/folha\/cotidiano\/ult95u558093.shtml\">9 milh\u00f5es de pacientes<\/a> contaminados com o v\u00edrus da gripe su\u00edna.<\/p>\n<p style=\"text-align: justify;\">Tempor\u00e3o alertou ainda que ainda n\u00e3o h\u00e1 necessidade para comprar m\u00e1scaras ou rem\u00e9dios, e disse que as pessoas n\u00e3o devem ter medo de comer carne de porco.<\/p>\n<p style=\"text-align: justify;\">&#8220;N\u00e3o \u00e9 momento de p\u00e2nico ou inquieta\u00e7\u00e3o. N\u00e3o tem sentido comprar m\u00e1scaras ou rem\u00e9dios. As pessoas podem comer carne su\u00edna&#8221;, disse. O ministro admitiu ainda que houve problemas no monitoramento de voos vindos dos pa\u00edses atingidos pela doen\u00e7a no in\u00edcio, mas afirmou que a defici\u00eancia foi sanada.<\/p>\n<p style=\"text-align: justify;\"><strong>Monitorados<\/strong><\/p>\n<p style=\"text-align: justify;\">Outras 41 pessoas s\u00e3o monitoradas, conforme o minist\u00e9rio. Nota divulgada no final da tarde de hoje acrescenta que 17 casos monitorados foram exclu\u00eddos de ontem para hoje &#8211;dois no Amazonas, um no Mato Grosso do Sul, um em Minas Gerais, um no Par\u00e1, quatro no Paran\u00e1, sete no Rio de Janeiro e um em Santa Catarina.<\/p>\n<p style=\"text-align: justify;\">Os 13 Estados onde h\u00e1 pacientes sendo monitorados &#8211;mas cujos casos n\u00e3o s\u00e3o considerados suspeitos pelos crit\u00e9rios do minist\u00e9rio&#8211; s\u00e3o: Amazonas, Bahia, Cear\u00e1, Esp\u00edrito Santo, Mato Grosso do Sul, Minas Gerais, Para\u00edba, Paran\u00e1, Pernambuco, Rio de Janeiro, Rio Grande do Norte, Santa Catarina e S\u00e3o Paulo.<\/p>\n<p style=\"text-align: justify;\"><strong>Sintomas<\/strong><\/p>\n<p style=\"text-align: justify;\">Os pacientes cujos casos s\u00e3o considerados suspeitos est\u00e3o internados em \u00e1reas isoladas de hospitais de refer\u00eancia, onde passam por tratamento contra a doen\u00e7a. No entanto, ainda n\u00e3o h\u00e1 a confirma\u00e7\u00e3o de contamina\u00e7\u00e3o no pa\u00eds.<\/p>\n<p style=\"text-align: justify;\">No caso de suspeita da doen\u00e7a, o paciente tem de apresentar febre acima de 38\u00baC de maneira repentina e tosse acompanhada por alguns dos sintomas: dor de cabe\u00e7a, dor nas articula\u00e7\u00f5es, dor de garganta. O doente tamb\u00e9m tem de ter apresentado os sintomas dez dias ap\u00f3s ter deixado a \u00e1rea infectada ou ter tido contato com uma pessoa contaminada.<\/p>\n<p style=\"text-align: justify;\"><strong>Mundo<\/strong><\/p>\n<p style=\"text-align: justify;\">O n\u00famero de casos confirmados de gripe su\u00edna no mundo chegou a <a href=\"http:\/\/www1.folha.uol.com.br\/folha\/mundo\/ult94u559225.shtml\">365 em 13 pa\u00edses<\/a>, de acordo com o balan\u00e7o da OMS (Organiza\u00e7\u00e3o Mundial de Sa\u00fade) divulgado nesta sexta-feira. O n\u00famero inclui dez mortes &#8211;nove no M\u00e9xico e uma, de um beb\u00ea mexicano, nos Estados Unidos.<\/p>\n<p class=\"tagline\" style=\"text-align: justify;\">Colaborou <strong>Marina Novaes<\/strong>, da <strong>Folha Online<\/strong><\/p>\n<p style=\"text-align: justify;\"><!--noindex--> <!--PRINT:EXCLUDE--><strong>Leia mais sobre a gripe su\u00edna<\/strong><\/p>\n<ul style=\"text-align: justify;\">\n<li><a href=\"http:\/\/www1.folha.uol.com.br\/folha\/cotidiano\/ult95u559229.shtml\">Sobe para 7 o n\u00famero de casos suspeitos de gripe su\u00edna no Brasil, diz governo<\/a><\/li>\n<li><a href=\"http:\/\/www1.folha.uol.com.br\/folha\/cotidiano\/ult95u559172.shtml\">Gol distribui m\u00e1scaras para funcion\u00e1rios se protegerem de gripe su\u00edna<\/a><\/li>\n<li><a href=\"http:\/\/www1.folha.uol.com.br\/folha\/cotidiano\/ult95u558692.shtml\">Potencial de cont\u00e1gio da gripe \u00e9 maior do que febre amarela e dengue, diz m\u00e9dico<\/a><\/li>\n<\/ul>\n<p style=\"text-align: center;\">[<a href=\"javascript:history.go(-1)\">Voltar<\/a>]<\/p>\n","protected":false},"excerpt":{"rendered":"<p>Ministro descarta p\u00e2nico, mas diz que chegada da gripe su\u00edna ao Brasil \u00e9 inevit\u00e1vel.<\/p>\n","protected":false},"author":1,"featured_media":0,"comment_status":"open","ping_status":"open","sticky":false,"template":"","format":"standard","meta":{"footnotes":""},"categories":[27],"tags":[],"class_list":["post-3566","post","type-post","status-publish","format-standard","hentry","category-noticias"],"_links":{"self":[{"href":"https:\/\/antonini.psc.br\/index.php?rest_route=\/wp\/v2\/posts\/3566","targetHints":{"allow":["GET"]}}],"collection":[{"href":"https:\/\/antonini.psc.br\/index.php?rest_route=\/wp\/v2\/posts"}],"about":[{"href":"https:\/\/antonini.psc.br\/index.php?rest_route=\/wp\/v2\/types\/post"}],"author":[{"embeddable":true,"href":"https:\/\/antonini.psc.br\/index.php?rest_route=\/wp\/v2\/users\/1"}],"replies":[{"embeddable":true,"href":"https:\/\/antonini.psc.br\/index.php?rest_route=%2Fwp%2Fv2%2Fcomments&post=3566"}],"version-history":[{"count":1,"href":"https:\/\/antonini.psc.br\/index.php?rest_route=\/wp\/v2\/posts\/3566\/revisions"}],"predecessor-version":[{"id":28040,"href":"https:\/\/antonini.psc.br\/index.php?rest_route=\/wp\/v2\/posts\/3566\/revisions\/28040"}],"wp:attachment":[{"href":"https:\/\/antonini.psc.br\/index.php?rest_route=%2Fwp%2Fv2%2Fmedia&parent=3566"}],"wp:term":[{"taxonomy":"category","embeddable":true,"href":"https:\/\/antonini.psc.br\/index.php?rest_route=%2Fwp%2Fv2%2Fcategories&post=3566"},{"taxonomy":"post_tag","embeddable":true,"href":"https:\/\/antonini.psc.br\/index.php?rest_route=%2Fwp%2Fv2%2Ftags&post=3566"}],"curies":[{"name":"wp","href":"https:\/\/api.w.org\/{rel}","templated":true}]}}