{"id":3619,"date":"2009-05-02T15:22:00","date_gmt":"2009-05-02T18:22:00","guid":{"rendered":"http:\/\/antonini.med.br\/blog\/?p=3619"},"modified":"2022-02-15T03:29:04","modified_gmt":"2022-02-15T03:29:04","slug":"oms-ainda-considera-iminente-pandemia-da-gripe-suina","status":"publish","type":"post","link":"https:\/\/antonini.psc.br\/?p=3619","title":{"rendered":"OMS ainda considera iminente pandemia da gripe su\u00edna"},"content":{"rendered":"<p style=\"text-align: justify;\">Uma pandemia da gripe H1N1 ainda \u00e9 &#8220;iminente&#8221; apesar de n\u00e3o ter havido um surto sustent\u00e1vel fora da Am\u00e9rica do Norte, afirmou Michael Ryan, diretor de Alerta e Resposta Global da Organiza\u00e7\u00e3o Mundial de Sa\u00fade (OMS), neste s\u00e1bado.<!--more--><strong>Laura MacInnis<br \/>\n<\/strong>Em Genebra\n<\/p>\n<p style=\"text-align: justify;\">\n<address class=\"mceTemp\">\n<dl id=\"attachment_3623\" class=\"wp-caption alignleft\" style=\"width: 210px;\">\n<dt class=\"wp-caption-dt\"><img loading=\"lazy\" decoding=\"async\" class=\"size-full wp-image-3623\" title=\"gripe_suina-2\" src=\"http:\/\/heinzpechner.org\/blog\/wp-content\/uploads\/2009\/05\/gripe_suina-2.jpg\" alt=\"Imagem de microsc\u00f3pio cedida pelo Centro de Controle e Preven\u00e7\u00e3o de Doen\u00e7as dos Estados Unidos mostra o H1N1, estirpe do v\u00edrus da gripe su\u00edna\" width=\"200\" height=\"215\" \/><\/dt>\n<dd class=\"wp-caption-dd\" style=\"text-align: left;\">Imagem de microsc\u00f3pio cedida pelo Centro de Controle e Preven\u00e7\u00e3o de Doen\u00e7as dos Estados Unidos mostra o H1N1, estirpe do v\u00edrus da gripe su\u00edna<\/dd>\n<\/dl>\n<\/address>\n<p>Ryan disse que ainda \u00e9 prov\u00e1vel que o n\u00edvel de alerta seja elevado de 5 para 6, escala m\u00e1xima.<\/p>\n<p style=\"text-align: justify;\">&#8220;N\u00f3s n\u00e3o temos ind\u00edcios de uma prolifera\u00e7\u00e3o sustentada fora da Am\u00e9rica do Norte&#8221;, afirmou ele \u00e0 imprensa. &#8220;N\u00f3s ainda estamos na Fase 5.<\/p>\n<p style=\"text-align: justify;\">&#8220;No atual momento eu ainda diria que uma pandemia \u00e9 iminente, porque n\u00f3s estamos vendo a doen\u00e7a se espalhar&#8221;, acrescentou Ryan. &#8220;Neste ponto, n\u00f3s temos que esperar que a fase 6 ser\u00e1 alcan\u00e7ada, temos que ter esperan\u00e7a que ainda n\u00e3o tenha sido&#8221;.<\/p>\n<p style=\"text-align: justify;\">A diretora-geral da OMS, Margaret Chan, elevou na quarta-feira o n\u00edvel de alerta de pandemia de 4 para 5, medida que incentivou os esfor\u00e7os de empresas farmac\u00eauticas para produzir medicamentos antivirais e encontrar uma vacina para combater a nova varia\u00e7\u00e3o do v\u00edrus, amplamente conhecida como gripe su\u00edna.<\/p>\n<p style=\"text-align: justify;\">O n\u00edvel 5 indica que uma pandemia \u00e9 &#8220;iminente&#8221;.<\/p>\n<p style=\"text-align: justify;\">A OMS ainda planeja seguir em frente com a Assembleia Mundial de Sa\u00fade neste m\u00eas, evento anual que reunir\u00e1 ministros da Sa\u00fade e autoridades do mundo inteiro em Genebra.<\/p>\n<p style=\"text-align: justify;\">&#8220;N\u00e3o h\u00e1 planos de cancelar ou adiar ou restringir ou limitar a Assembleia Mundial de Sa\u00fade&#8221;, disse Ryan.<\/p>\n<p style=\"text-align: center;\">[<a href=\"javascript:history.go(-1)\">Voltar<\/a>]<\/p>\n","protected":false},"excerpt":{"rendered":"<p>Uma pandemia da gripe H1N1 ainda \u00e9 &#8220;iminente&#8221; apesar de n\u00e3o ter havido um surto sustent\u00e1vel fora da Am\u00e9rica do Norte, afirmou Michael Ryan, diretor de Alerta e Resposta Global da Organiza\u00e7\u00e3o Mundial de Sa\u00fade (OMS), neste s\u00e1bado.<\/p>\n","protected":false},"author":1,"featured_media":0,"comment_status":"open","ping_status":"open","sticky":false,"template":"","format":"standard","meta":{"footnotes":""},"categories":[27],"tags":[],"class_list":["post-3619","post","type-post","status-publish","format-standard","hentry","category-noticias"],"_links":{"self":[{"href":"https:\/\/antonini.psc.br\/index.php?rest_route=\/wp\/v2\/posts\/3619","targetHints":{"allow":["GET"]}}],"collection":[{"href":"https:\/\/antonini.psc.br\/index.php?rest_route=\/wp\/v2\/posts"}],"about":[{"href":"https:\/\/antonini.psc.br\/index.php?rest_route=\/wp\/v2\/types\/post"}],"author":[{"embeddable":true,"href":"https:\/\/antonini.psc.br\/index.php?rest_route=\/wp\/v2\/users\/1"}],"replies":[{"embeddable":true,"href":"https:\/\/antonini.psc.br\/index.php?rest_route=%2Fwp%2Fv2%2Fcomments&post=3619"}],"version-history":[{"count":1,"href":"https:\/\/antonini.psc.br\/index.php?rest_route=\/wp\/v2\/posts\/3619\/revisions"}],"predecessor-version":[{"id":28033,"href":"https:\/\/antonini.psc.br\/index.php?rest_route=\/wp\/v2\/posts\/3619\/revisions\/28033"}],"wp:attachment":[{"href":"https:\/\/antonini.psc.br\/index.php?rest_route=%2Fwp%2Fv2%2Fmedia&parent=3619"}],"wp:term":[{"taxonomy":"category","embeddable":true,"href":"https:\/\/antonini.psc.br\/index.php?rest_route=%2Fwp%2Fv2%2Fcategories&post=3619"},{"taxonomy":"post_tag","embeddable":true,"href":"https:\/\/antonini.psc.br\/index.php?rest_route=%2Fwp%2Fv2%2Ftags&post=3619"}],"curies":[{"name":"wp","href":"https:\/\/api.w.org\/{rel}","templated":true}]}}