{"id":36878,"date":"2024-10-19T15:52:37","date_gmt":"2024-10-19T15:52:37","guid":{"rendered":"https:\/\/antonini.com.br\/?p=36878"},"modified":"2024-10-20T20:16:34","modified_gmt":"2024-10-20T20:16:34","slug":"a-pedagogia-do-c-que-o-corrupto-cachaceiro-e-analfabeto-lula-quer-implantar-no-brasil","status":"publish","type":"post","link":"https:\/\/antonini.psc.br\/?p=36878","title":{"rendered":"A pedagogia do C* que o cachaceiro e analfabeto lula quer implantar no Brasil"},"content":{"rendered":"<p style=\"text-align: justify;\">Lula, o analfabeto assumido, psic\u00f3tico t\u00f3xico-metab\u00f3lido que destruiu o pr\u00f3prio c\u00e9rebro com cacha\u00e7a que ingeriu a vida toda, participando de eventos de educa\u00e7\u00e3o&#8230; Quanta decad\u00eancia, e esc\u00e1rnio com o povo que trabalha e sustenta esta republiqueta bananeira da Am\u00e9rica LatRina.<!--more--><\/p>\n<p style=\"text-align: justify;\">Certamente este novo m\u00e9todo pedag\u00f3gico \u00e9 algum aperfei\u00e7oamento &#8220;inovador&#8221; da pedagogia do oprimido do farsante Paulo Freire, o demagogo comunista travestido de educador.<\/p>\n<p style=\"text-align: justify;\">O doutor <em>horrores n\u00e1usea<\/em> devia estar apodecendo em isolamento de manic\u00f4mio judici\u00e1rio e n\u00e3o na presid\u00eancia da Rep\u00fablica.<\/p>\n<p style=\"text-align: justify;\">Com este n\u00edvel de universit\u00e1rios o Brasil est\u00e1 condenado a ser eterna col\u00f4nia, uma na\u00e7\u00e3o de delinquentes, criminosos e miser\u00e1veis.<\/p>\n<p style=\"text-align: justify;\">O pior \u00e9 que a <a href=\"?p=36888\">UnB instuiu cota para trans no vestibular<\/a>&#8230; Realmente, \u00e9 a educa\u00e7\u00e3o pelo cu, porque atrav\u00e9s da intelig\u00eancia n\u00e3o sai nada. Quantos pr\u00eamios Nobel a educa\u00e7\u00e3o comunopetistE socialistE baseada na pedagogia do cu j\u00e1 deu ao Brasil?<\/p>\n<p style=\"text-align: justify;\">Enquanto o desgoverno corrupto, mantido no poder por magistrados corrompidos que n\u00e3o passam de jagun\u00e7os togados e gigol\u00f4s de escrit\u00f3rios de advocacia de esposas, filhos, parentes, amigos, compadres, o crime organizado continua causado trag\u00e9dias como a da <a href=\"https:\/\/www.metropoles.com\/brasil\/rj-crianca-de-3-anos-e-baleada-na-cabeca-ao-lado-dos-pais\" target=\"_blank\" rel=\"noreferrer noopener\">pequena Estela<\/a>, de 3 aninhos.<\/p>\n<p style=\"text-align: justify;\">N\u00e3o \u00e9 sem motivos que a esquerda, que se apoderou dos conselhos federais de medicina e psicologia, promove uma insana, criminosa, estapaf\u00fardia e ensandecida luta ou campanha antimanicomial, cujo objetivo \u00e9 acabar com os hospitais psiqui\u00e1tricos, justamente para garantir que gente como este travesti depravado, delirante paranoico que, se tivesse gente s\u00e9ria nesta palestra, devia ter lhe dado voz de pris\u00e3o e o encaminhado, algemado, para alguma delegacia de pol\u00edcia, onde deveria ser indiciado por atentado violento ao pudor, crime ainda disposto no C\u00f3digo Penal, continue em liberdade corrompendo os costumes, a juventude e as universidades brasileiras.<\/p>\n<p style=\"text-align: center;\"><iframe loading=\"lazy\" src=\"\/\/www.youtube.com\/embed\/3RqJ5Xssr-A\" allowfullscreen=\"allowfullscreen\" width=\"560\" height=\"314\"><\/iframe><\/p>\n<p style=\"text-align: center;\">[<a href=\"javascript:history.go(-1)\">Voltar<\/a>]<\/p>\n","protected":false},"excerpt":{"rendered":"<p>Lula, o analfabeto assumido, psic\u00f3tico t\u00f3xico-metab\u00f3lido que destruiu o pr\u00f3prio c\u00e9rebro com cacha\u00e7a que ingeriu a vida toda, participando de eventos de educa\u00e7\u00e3o&#8230; Quanta decad\u00eancia, e esc\u00e1rnio com o povo que trabalha e sustenta esta republiqueta bananeira da Am\u00e9rica LatRina.<\/p>\n","protected":false},"author":1,"featured_media":0,"comment_status":"open","ping_status":"open","sticky":false,"template":"","format":"standard","meta":{"footnotes":""},"categories":[29],"tags":[],"class_list":["post-36878","post","type-post","status-publish","format-standard","hentry","category-politica"],"_links":{"self":[{"href":"https:\/\/antonini.psc.br\/index.php?rest_route=\/wp\/v2\/posts\/36878","targetHints":{"allow":["GET"]}}],"collection":[{"href":"https:\/\/antonini.psc.br\/index.php?rest_route=\/wp\/v2\/posts"}],"about":[{"href":"https:\/\/antonini.psc.br\/index.php?rest_route=\/wp\/v2\/types\/post"}],"author":[{"embeddable":true,"href":"https:\/\/antonini.psc.br\/index.php?rest_route=\/wp\/v2\/users\/1"}],"replies":[{"embeddable":true,"href":"https:\/\/antonini.psc.br\/index.php?rest_route=%2Fwp%2Fv2%2Fcomments&post=36878"}],"version-history":[{"count":7,"href":"https:\/\/antonini.psc.br\/index.php?rest_route=\/wp\/v2\/posts\/36878\/revisions"}],"predecessor-version":[{"id":36896,"href":"https:\/\/antonini.psc.br\/index.php?rest_route=\/wp\/v2\/posts\/36878\/revisions\/36896"}],"wp:attachment":[{"href":"https:\/\/antonini.psc.br\/index.php?rest_route=%2Fwp%2Fv2%2Fmedia&parent=36878"}],"wp:term":[{"taxonomy":"category","embeddable":true,"href":"https:\/\/antonini.psc.br\/index.php?rest_route=%2Fwp%2Fv2%2Fcategories&post=36878"},{"taxonomy":"post_tag","embeddable":true,"href":"https:\/\/antonini.psc.br\/index.php?rest_route=%2Fwp%2Fv2%2Ftags&post=36878"}],"curies":[{"name":"wp","href":"https:\/\/api.w.org\/{rel}","templated":true}]}}