{"id":36888,"date":"2024-10-20T20:09:02","date_gmt":"2024-10-20T20:09:02","guid":{"rendered":"https:\/\/antonini.com.br\/?p=36888"},"modified":"2024-10-20T20:24:06","modified_gmt":"2024-10-20T20:24:06","slug":"unb-aprova-cotas-para-pessoas-trans-em-cursos-de-graduacao","status":"publish","type":"post","link":"https:\/\/antonini.psc.br\/?p=36888","title":{"rendered":"UnB aprova cotas para pessoas trans em cursos de gradua\u00e7\u00e3o"},"content":{"rendered":"<p style=\"text-align: justify;\">C\u00famulo da degrada\u00e7\u00e3o do sistema universit\u00e1rio.<!--more--><\/p>\n<p>Recebido de <strong>Ernesto Caruso<\/strong><\/p>\n<blockquote>\n<p style=\"text-align: justify;\">Institui\u00e7\u00e3o destinar\u00e1 2% das vagas para este p\u00fablico a partir de 2025&#8243;<\/p>\n<p style=\"text-align: justify;\">Prezados<br \/>\nMais uma fissura que se produz na sociedade em desrespeito ao mandamento universal de que &#8220;todo ser humano tem capacidade para gozar os direitos e as liberdades estabelecidos nesta Declara\u00e7\u00e3o, sem distin\u00e7\u00e3o de qualquer esp\u00e9cie, seja de ra\u00e7a, cor, sexo, l\u00edngua, religi\u00e3o, opini\u00e3o pol\u00edtica ou de outra natureza, origem nacional ou social, riqueza, nascimento, ou qualquer outra condi\u00e7\u00e3o.&#8221;, por extens\u00e3o, op\u00e7\u00e3o sexual.<\/p>\n<p style=\"text-align: justify;\">Retransmito o texto em anexo, de onde destacamos:<br \/>\n&#8220;A intoler\u00e2ncia racial est\u00e1 sendo costurada por interesses escusos e ingenuidade dos que n\u00e3o sentem a inten\u00e7\u00e3o de alguns em fomentar mais uma divis\u00e3o na Unidade Nacional. Filhos s\u00e3o frutos do amor de pais e m\u00e3es de diferentes origens e, que quando os olham, sentem orgulho de ambos sem discrimin\u00e1-los, nem orden\u00e1-los.&#8221;<\/p>\n<\/blockquote>\n<p>Leiam o documento em PDF <a href=\"https:\/\/antonini.com.br\/wp-content\/uploads\/2024\/10\/rotulos_que_marcam.pdf\" target=\"_blank\" rel=\"noopener\">aqui<\/a><\/p>\n<p style=\"text-align: center;\">[<a href=\"javascript:history.go(-1)\">Voltar<\/a>]<\/p>\n","protected":false},"excerpt":{"rendered":"<p>C\u00famulo da degrada\u00e7\u00e3o do sistema universit\u00e1rio.<\/p>\n","protected":false},"author":1,"featured_media":0,"comment_status":"open","ping_status":"open","sticky":false,"template":"","format":"standard","meta":{"footnotes":""},"categories":[29],"tags":[],"class_list":["post-36888","post","type-post","status-publish","format-standard","hentry","category-politica"],"_links":{"self":[{"href":"https:\/\/antonini.psc.br\/index.php?rest_route=\/wp\/v2\/posts\/36888","targetHints":{"allow":["GET"]}}],"collection":[{"href":"https:\/\/antonini.psc.br\/index.php?rest_route=\/wp\/v2\/posts"}],"about":[{"href":"https:\/\/antonini.psc.br\/index.php?rest_route=\/wp\/v2\/types\/post"}],"author":[{"embeddable":true,"href":"https:\/\/antonini.psc.br\/index.php?rest_route=\/wp\/v2\/users\/1"}],"replies":[{"embeddable":true,"href":"https:\/\/antonini.psc.br\/index.php?rest_route=%2Fwp%2Fv2%2Fcomments&post=36888"}],"version-history":[{"count":8,"href":"https:\/\/antonini.psc.br\/index.php?rest_route=\/wp\/v2\/posts\/36888\/revisions"}],"predecessor-version":[{"id":36898,"href":"https:\/\/antonini.psc.br\/index.php?rest_route=\/wp\/v2\/posts\/36888\/revisions\/36898"}],"wp:attachment":[{"href":"https:\/\/antonini.psc.br\/index.php?rest_route=%2Fwp%2Fv2%2Fmedia&parent=36888"}],"wp:term":[{"taxonomy":"category","embeddable":true,"href":"https:\/\/antonini.psc.br\/index.php?rest_route=%2Fwp%2Fv2%2Fcategories&post=36888"},{"taxonomy":"post_tag","embeddable":true,"href":"https:\/\/antonini.psc.br\/index.php?rest_route=%2Fwp%2Fv2%2Ftags&post=36888"}],"curies":[{"name":"wp","href":"https:\/\/api.w.org\/{rel}","templated":true}]}}