{"id":37045,"date":"2024-11-20T11:41:44","date_gmt":"2024-11-20T11:41:44","guid":{"rendered":"https:\/\/antonini.com.br\/?p=37045"},"modified":"2024-11-21T16:11:46","modified_gmt":"2024-11-21T16:11:46","slug":"hoje-e-dia-de-celebracao-do-racismo-institucionalizado","status":"publish","type":"post","link":"https:\/\/antonini.psc.br\/?p=37045","title":{"rendered":"Hoje \u00e9 dia de celebra\u00e7\u00e3o do racismo institucionalizado"},"content":{"rendered":"<p style=\"text-align: justify;\">Transcrito com autoriza\u00e7\u00e3o do Blog O Patriota.<!--more--> Original <a href=\"https:\/\/opatriota.org\/?p=84994\" target=\"_blank\" rel=\"noopener\">aqui<\/a><\/p>\n<hr \/>\n<p style=\"text-align: justify;\"><em>Este &#8220;post&#8221; n\u00e3o \u00e9 nenhuma zombaria, mas um alerta s\u00e9rio para as consequ\u00eancias da segrega\u00e7\u00e3o racial que os negros est\u00e3o sendo induzidos por pol\u00edticos corruptos, esquerdopatas, a promover e que lhes custar\u00e1 muito caro no futuro.<\/em><\/p>\n<p><em><\/p>\n<p style=\"text-align: justify;\">Ontem, 19 de novembro, foi dia da Bandeira Nacional, mas ningu\u00e9m se lembrou disso, e as emissoras de televis\u00e3o passaram a tarde exibindo document\u00e1rios e filmes exaltando o racismo sendo um deles, exibido pela Rede Goebbels, o mais explicitamente racista, no qual uma m\u00e3e exigia que a filha escolhesse uma boneca negra e a menina escolheu uma branca, contrariando-a.<\/p>\n<p style=\"text-align: justify;\">Os negros, ao ca\u00edrem no conto do vig\u00e1rio esquerdopata, est\u00e3o destruindo seus futuros, porque sem um trabalho honesto ningu\u00e9m sobrevive com dignidade e a escolha de um profissional para atendimento, seja de sa\u00fade, seja de qualquer outro servi\u00e7o, \u00e9 direito inalien\u00e1vel e garantia fundamental do cliente ou paciente e os negros poder\u00e3o ser exclu\u00eddos do mercado de trabalho por n\u00e3o merecerem a confian\u00e7a dos usu\u00e1rios de qualquer tipo&nbsp; de servi\u00e7o devido \u00e0s benesses recebidas na forma\u00e7\u00e3o profissional como a racista lei de cotas.<\/p>\n<p style=\"text-align: justify;\">Ao se submeterem \u00e0s leis racistas criadas por brancos corruptos que os usam como massa de manobra, os negros apenas institucionalizam o racismo e aceitam serem tratados como inferiores ou mentalmente incapazes, no mesmo n\u00edvel dos <a href=\"https:\/\/opatriota.org\/?p=84989\" target=\"_blank\" rel=\"noopener\">deficientes mentais e f\u00edsicos<\/a>.<\/p>\n<p style=\"text-align: justify;\">A aberrante e criminosa lei de cotas raciais logo deixar\u00e1 uma legi\u00e3o de negros desempregados pois empresas n\u00e3o seguem modismos. Elas querem funcion\u00e1rios que produzam e n\u00e3o empunhem nenhum tipo de bandeira e evitar\u00e3o contratar cotistas para n\u00e3o serem acusadas de racismo caso tenha que demitir funcion\u00e1rios negros.<\/p>\n<p style=\"text-align: justify;\">Caso algum abestado com mandato parlamentar fa\u00e7a e aprove qualquer lei que me obrigue a instituir cotas raciais na minha empresa, que \u00e9 privada, de capital fechado, eu a fecho, demito todo mundo e me mudo para a Alemanha, terra natal dos meus av\u00f3s, que emigraram par o Brasil fugindo do Nazismo, logo ap\u00f3s a <i><b>Reichskristallnacht<\/b><\/i> (<span class=\"AFI\" title=\"Representa\u00e7\u00e3o no Alfabeto Fon\u00e9tico Internacional (AFI)\">\u0281a\u026a\u00e7s.k\u0281\u026as\u02c8talna\u03c7t<\/span>, em hebr\u00e1ico), ou noite dos cristais do <strong>reich<\/strong> (presidente ou governante, em alem\u00e3o).<\/p>\n<p style=\"text-align: justify;\">Os hebreus tem um hist\u00f3rico de cinco mil anos de escravid\u00e3o, persegui\u00e7\u00e3o e exterm\u00ednio, sendo escravizados desde os tempos de Mois\u00e9s, no Egito, e cujo \u00e1pice foi o holocausto nazista, onde 6 milh\u00f5es de judeus foram exterminados como ervas daninhas em campos de concentra\u00e7\u00e3o e n\u00e3o se v\u00ea um judeu sequer choramingando, mendigando esmolas por causa dos cinco mil anos de escravid\u00e3o, de persegui\u00e7\u00f5es, ao contr\u00e1rio, constru\u00edram o segundo pa\u00eds mais desenvolvido do mundo no meio de um deserto paup\u00e9rrimo em recursos minerais e vegetais, e s\u00e3o a segunda pot\u00eancia em tecnologia e pesquisa cient\u00edfica do planeta, enquanto a \u00c1frica, que \u00e9 o ber\u00e7o da humanidade, ainda \u00e9 o continente mais pobre e atrasado.<\/p>\n<p style=\"text-align: justify;\">A verdade tem de ser dita para que aqueles que ainda tenham um m\u00ednimo de senso cr\u00edtico despertem desta ilus\u00e3o que os condenar\u00e1 \u00e0 mis\u00e9ria.&nbsp;<\/p>\n<p style=\"text-align: justify;\"><strong>Leia mais:<\/strong><\/p>\n<ul>\n<li><a href=\"https:\/\/opatriota.org\/?page_id=39493\" target=\"_blank\" rel=\"noopener\">Dia da consci\u00eancia polaca<\/a><\/li>\n<li><a href=\"https:\/\/opatriota.org\/?page_id=39410\" target=\"_blank\" rel=\"noopener\">Os verdadeiros racistas brasileiros<\/a><\/li>\n<li><a href=\"https:\/\/opatriota.org\/?p=84989\" target=\"_blank\" rel=\"noopener\">Precisa desenhar o por qu\u00ea disso?<\/a><\/li>\n<li><a href=\"https:\/\/opatriota.org\/?page_id=42796\" target=\"_blank\" rel=\"noopener\">Quem escravizou o negro?<\/a><\/li>\n<\/ul>\n<p><\/em><br \/>\n<video controls=\"controls\" width=\"680\" height=\"340\"><source src=\"https:\/\/opatriota.org\/mp4\/1262.mp4\"\/><\/video><\/p>\n<p style=\"text-align: center;\">[<a>Voltar<\/a>]<\/p>\n","protected":false},"excerpt":{"rendered":"<p>Transcrito com autoriza\u00e7\u00e3o do Blog O Patriota.<\/p>\n","protected":false},"author":1,"featured_media":0,"comment_status":"open","ping_status":"open","sticky":false,"template":"","format":"standard","meta":{"footnotes":""},"categories":[29,122],"tags":[],"class_list":["post-37045","post","type-post","status-publish","format-standard","hentry","category-politica","category-saude-mental"],"_links":{"self":[{"href":"https:\/\/antonini.psc.br\/index.php?rest_route=\/wp\/v2\/posts\/37045","targetHints":{"allow":["GET"]}}],"collection":[{"href":"https:\/\/antonini.psc.br\/index.php?rest_route=\/wp\/v2\/posts"}],"about":[{"href":"https:\/\/antonini.psc.br\/index.php?rest_route=\/wp\/v2\/types\/post"}],"author":[{"embeddable":true,"href":"https:\/\/antonini.psc.br\/index.php?rest_route=\/wp\/v2\/users\/1"}],"replies":[{"embeddable":true,"href":"https:\/\/antonini.psc.br\/index.php?rest_route=%2Fwp%2Fv2%2Fcomments&post=37045"}],"version-history":[{"count":9,"href":"https:\/\/antonini.psc.br\/index.php?rest_route=\/wp\/v2\/posts\/37045\/revisions"}],"predecessor-version":[{"id":37054,"href":"https:\/\/antonini.psc.br\/index.php?rest_route=\/wp\/v2\/posts\/37045\/revisions\/37054"}],"wp:attachment":[{"href":"https:\/\/antonini.psc.br\/index.php?rest_route=%2Fwp%2Fv2%2Fmedia&parent=37045"}],"wp:term":[{"taxonomy":"category","embeddable":true,"href":"https:\/\/antonini.psc.br\/index.php?rest_route=%2Fwp%2Fv2%2Fcategories&post=37045"},{"taxonomy":"post_tag","embeddable":true,"href":"https:\/\/antonini.psc.br\/index.php?rest_route=%2Fwp%2Fv2%2Ftags&post=37045"}],"curies":[{"name":"wp","href":"https:\/\/api.w.org\/{rel}","templated":true}]}}