{"id":3767,"date":"2009-05-10T20:35:22","date_gmt":"2009-05-10T20:35:22","guid":{"rendered":"http:\/\/antonini.med.br\/blog\/?p=3767"},"modified":"2022-02-15T03:29:04","modified_gmt":"2022-02-15T03:29:04","slug":"vaticano-pede-que-fieis-nao-vejam-anjos-e-demonios","status":"publish","type":"post","link":"https:\/\/antonini.psc.br\/?p=3767","title":{"rendered":"Vaticano pede que fi\u00e9is n\u00e3o vejam &#8220;Anjos e Dem\u00f4nios&#8221;"},"content":{"rendered":"<p style=\"text-align: justify;\">A igreja burra, retr\u00f3grada, inimiga da ci\u00eancia e inimiga da liberdade de consci\u00eancia e de cren\u00e7a, quer emburrecer as pessoas para que, abdicando da liberdade de pensar, acreditem cegamente naquilo que ela prega. Infelizmente n\u00e3o \u00e9 apenas a igreja cat\u00f3lica que pensa assim. As igrejas ditas e evang\u00e9licas e pentecostais tamb\u00e9m fazem coro \u00e0s pretens\u00f5es da igreja cat\u00f3lica e tentam, da mesma forma, cegar os fi\u00e9is e calar aqueles que tentam abrir os olhos dos seus crentes (ot\u00e1rios). Se n\u00e3o fossem os fil\u00f3sofos, os livres pensadores e os cientistas, a humanidade ainda estaria morando em cavernas e acendendo fogo esfregando gravetos.<a href=\"http:\/\/click.uol.com.br\/?rf=home-vA-duasfotos1&amp;u=http:\/\/www1.folha.uol.com.br\/folha\/ilustrada\/ult90u563379.shtml\" target=\"_blank\" rel=\"noopener noreferrer\"><!--more--><\/a><\/p>\n<p style=\"text-align: justify;\">Leiam esse absurdo <a href=\"http:\/\/click.uol.com.br\/?rf=home-vA-duasfotos1&amp;u=http:\/\/www1.folha.uol.com.br\/folha\/ilustrada\/ult90u563379.shtml\" target=\"_blank\" rel=\"noopener noreferrer\">aqui<\/a><\/p>\n<p style=\"text-align: center;\">[<a href=\"javascript:history.go(-1)\">Voltar<\/a>]<\/p>\n","protected":false},"excerpt":{"rendered":"<p>A igreja burra, retr\u00f3grada, inimiga da ci\u00eancia e inimiga da liberdade de consci\u00eancia e de cren\u00e7a, quer emburrecer as pessoas para que, abdicando da liberdade de pensar, acreditem cegamente naquilo que ela prega. Infelizmente n\u00e3o \u00e9 apenas a igreja cat\u00f3lica que pensa assim. As igrejas ditas e evang\u00e9licas e pentecostais tamb\u00e9m fazem coro \u00e0s pretens\u00f5es [&hellip;]<\/p>\n","protected":false},"author":1,"featured_media":0,"comment_status":"open","ping_status":"open","sticky":false,"template":"","format":"standard","meta":{"footnotes":""},"categories":[27],"tags":[],"class_list":["post-3767","post","type-post","status-publish","format-standard","hentry","category-noticias"],"_links":{"self":[{"href":"https:\/\/antonini.psc.br\/index.php?rest_route=\/wp\/v2\/posts\/3767","targetHints":{"allow":["GET"]}}],"collection":[{"href":"https:\/\/antonini.psc.br\/index.php?rest_route=\/wp\/v2\/posts"}],"about":[{"href":"https:\/\/antonini.psc.br\/index.php?rest_route=\/wp\/v2\/types\/post"}],"author":[{"embeddable":true,"href":"https:\/\/antonini.psc.br\/index.php?rest_route=\/wp\/v2\/users\/1"}],"replies":[{"embeddable":true,"href":"https:\/\/antonini.psc.br\/index.php?rest_route=%2Fwp%2Fv2%2Fcomments&post=3767"}],"version-history":[{"count":1,"href":"https:\/\/antonini.psc.br\/index.php?rest_route=\/wp\/v2\/posts\/3767\/revisions"}],"predecessor-version":[{"id":27375,"href":"https:\/\/antonini.psc.br\/index.php?rest_route=\/wp\/v2\/posts\/3767\/revisions\/27375"}],"wp:attachment":[{"href":"https:\/\/antonini.psc.br\/index.php?rest_route=%2Fwp%2Fv2%2Fmedia&parent=3767"}],"wp:term":[{"taxonomy":"category","embeddable":true,"href":"https:\/\/antonini.psc.br\/index.php?rest_route=%2Fwp%2Fv2%2Fcategories&post=3767"},{"taxonomy":"post_tag","embeddable":true,"href":"https:\/\/antonini.psc.br\/index.php?rest_route=%2Fwp%2Fv2%2Ftags&post=3767"}],"curies":[{"name":"wp","href":"https:\/\/api.w.org\/{rel}","templated":true}]}}