{"id":3821,"date":"2009-05-11T21:50:03","date_gmt":"2009-05-11T21:50:03","guid":{"rendered":"http:\/\/antonini.med.br\/blog\/?p=3821"},"modified":"2022-02-15T03:29:04","modified_gmt":"2022-02-15T03:29:04","slug":"padre-da-paraiba-vai-a-web-em-cenas-de-orgia-sexual","status":"publish","type":"post","link":"https:\/\/antonini.psc.br\/?p=3821","title":{"rendered":"Padre da Para\u00edba vai \u00e0 web em cenas de orgia sexual"},"content":{"rendered":"<p class=\"MsoNormal\" style=\"margin: 0cm 0cm 0pt; text-align: justify;\"><span style=\"font-size: 10pt; font-family: Verdana;\">Padre Duarte, sacerdote da Igreja Cat\u00f3lica residente na cidade paraibana de Santar\u00e9m, foi \u00e0 internet como protagonista de cenas inusitadas.<\/span><\/p>\n<p class=\"MsoNormal\" style=\"margin: 0cm 0cm 0pt; text-align: justify;\"><span style=\"font-size: 10pt; font-family: Verdana;\"><!--more--><\/span><span style=\"font-size: 10pt; font-family: Verdana;\"><img decoding=\"async\" class=\"alignleft size-full wp-image-3820\" title=\"orgia_sacerdotal\" src=\"http:\/\/heinzpechner.org\/blog\/wp-content\/uploads\/2009\/05\/orgia_sacerdotal.jpg\" alt=\"orgia_sacerdotal\" \/><\/span><span style=\"font-size: 10pt; font-family: Verdana;\">S\u00e3o tr\u00eas v\u00eddeos. Juntos, exibem 49 minutos de uma orgia sexual. A filmagem \u00e9 atribu\u00edda ao pr\u00f3prio padre, que aparece nu, junto com um casal.<\/span><\/p>\n<div class=\"postContent\" style=\"text-align: justify;\">\n<p class=\"MsoNormal\" style=\"margin: 0cm 0cm 0pt;\"><span style=\"font-size: 10pt; font-family: Verdana;\"> <\/span><\/p>\n<p class=\"MsoNormal\" style=\"margin: 0cm 0cm 0pt;\"><span style=\"font-size: 10pt; font-family: Verdana;\"><br \/>\n<\/span>\n<\/p>\n<p class=\"MsoNormal\" style=\"margin: 0cm 0cm 0pt;\"><span style=\"font-size: 10pt; font-family: Verdana;\"> <\/span><\/p>\n<p class=\"MsoNormal\" style=\"margin: 0cm 0cm 0pt;\"><span style=\"font-size: 10pt; font-family: Verdana;\">O caso sacode o interior da Para\u00edba desde a \u00faltima sexta (8). Santar\u00e9m fica a 468 km da capital, Jo\u00e3o Pessoa.<\/span><\/p>\n<p class=\"MsoNormal\" style=\"margin: 0cm 0cm 0pt;\"><span style=\"font-size: 10pt; font-family: Verdana;\"><br \/>\n<\/span>\n<\/p>\n<p class=\"MsoNormal\" style=\"margin: 0cm 0cm 0pt;\"><span style=\"font-size: 10pt; font-family: Verdana;\"> <\/span><\/p>\n<p>Nesta segunda (11), a Diocese de Cajazeiras viu-se compelida a divulgar uma nota. O epis\u00f3dio foi \u00e0s manchetes do <a href=\"http:\/\/www.portalcorreio.com.br\/noticias\/matLer.asp?newsId=81126\" target=\"_blank\" rel=\"noopener noreferrer\">Correio<\/a> da Para\u00edba, um dos principais di\u00e1rios do Estado.<\/p>\n<p>O texto da diocese \u00e9 assinado por tr\u00eas autoridades da Igreja local:<\/p>\n<p>Dom Jos\u00e9 Gonz\u00e1les Alonso, bispo diocesano de Cajazeiras; Agripino Ferreira de Assis, vig\u00e1rio geral da Diocese; e Janilson Rolim Ver\u00edssimo, coordenador da Pastoral da Comunica\u00e7\u00e3o.<\/p><\/div>\n<div class=\"postContent\" style=\"text-align: justify;\">\n<p>Na nota, dispon\u00edvel <a href=\"http:\/\/www.diocajazeiras.com.br\/htdocs\/modules\/news\/article.php?storyid=296\" target=\"_blank\" rel=\"noopener noreferrer\">aqui<\/a>, os tr\u00eas escrevem: \u201cPedimos perd\u00e3o como Igreja pelo esc\u00e2ndalo provocado\u201d.<\/p>\n<p>Acrescentam que not\u00edcias \u201cenvolvendo a vida moral de qualquer padre nos d\u00f3i profundamente&#8230;\u201d<\/p>\n<p>\u201c&#8230;Mostra a parte humana e pecadora dos membros da Igreja, sem tirar sua origem divina e santa (\u201cIgreja santa e pecadora\u201d)&#8230;\u201d<\/p>\n<p>\u201c&#8230;E nos provoca a todos, que temos f\u00e9, a rezar pelos pecadores e pela santifica\u00e7\u00e3o dos padres\u201d.<\/p>\n<p>A nota tamb\u00e9m informa que \u201cpadre Duarte n\u00e3o faz parte do clero da Diocese de Cajazeiras\u201d.<\/p>\n<p>Foi ordenado &#8220;em outra Diocese&#8221;. Embora continue padre, \u201ch\u00e1 dez anos n\u00e3o tem o exerc\u00edcio do minist\u00e9rio sacerdotal\u201d.<\/p>\n<p>Segundo o texto, ele \u201capenas\u201d disp\u00f5e de \u201clicen\u00e7a para celebrar [missas] privadamente na capela de sua resid\u00eancia\u201d.<\/p>\n<p>Antes, em entrevista telef\u00f4nica a um programa chamado \u201cBoca Quente\u201d, da R\u00e1dio Difusora de Cajazeiras, padre Duarte defendera-se.<\/p>\n<p>Disse ter sido v\u00edtima de uma \u201c<a href=\"http:\/\/folhavipdecajazeiras.blogspot.com\/2009\/05\/padre-duarte-afirmou-que-foi-vitima-de.html\" target=\"_blank\" rel=\"noopener noreferrer\">arma\u00e7\u00e3o<\/a>\u201d. Afirmou que teria sofrido um \u201cassalto\u201d. Os ladr\u00f5es teriam levado o seu laptop.<\/p>\n<p>Segundo ele, recolheram-se na m\u00e1quina imagens que, \u201cmontadas\u201d, resultaram nos v\u00eddeos que ganharam a web.<\/p>\n<p>Padre Duarte disse ter acionada a Pol\u00edcia Federal. Encareceu a retirada dos v\u00eddeos da internet.<\/p>\n<p>As imagens estavam dispon\u00edveis num s\u00edtio chamado \u201cBlog Padre Duarte\u201d.<\/p>\n<p>Depois de acionados \u00e0 saciedade, os tr\u00eas v\u00eddeos foram retirados do ar por volta das 18h desta segunda-feira.<\/p>\n<p style=\"text-align: justify;\">Escrito por Josias de Souza \u00e0s 20h42<\/p>\n<p style=\"text-align: center;\">[<a href=\"javascript:history.go(-1)\">Voltar<\/a>]<\/p>\n<\/div>\n","protected":false},"excerpt":{"rendered":"<p>Padre Duarte, sacerdote da Igreja Cat\u00f3lica residente na cidade paraibana de Santar\u00e9m, foi \u00e0 internet como protagonista de cenas inusitadas.<\/p>\n","protected":false},"author":1,"featured_media":0,"comment_status":"open","ping_status":"open","sticky":false,"template":"","format":"standard","meta":{"footnotes":""},"categories":[27],"tags":[],"class_list":["post-3821","post","type-post","status-publish","format-standard","hentry","category-noticias"],"_links":{"self":[{"href":"https:\/\/antonini.psc.br\/index.php?rest_route=\/wp\/v2\/posts\/3821","targetHints":{"allow":["GET"]}}],"collection":[{"href":"https:\/\/antonini.psc.br\/index.php?rest_route=\/wp\/v2\/posts"}],"about":[{"href":"https:\/\/antonini.psc.br\/index.php?rest_route=\/wp\/v2\/types\/post"}],"author":[{"embeddable":true,"href":"https:\/\/antonini.psc.br\/index.php?rest_route=\/wp\/v2\/users\/1"}],"replies":[{"embeddable":true,"href":"https:\/\/antonini.psc.br\/index.php?rest_route=%2Fwp%2Fv2%2Fcomments&post=3821"}],"version-history":[{"count":1,"href":"https:\/\/antonini.psc.br\/index.php?rest_route=\/wp\/v2\/posts\/3821\/revisions"}],"predecessor-version":[{"id":27377,"href":"https:\/\/antonini.psc.br\/index.php?rest_route=\/wp\/v2\/posts\/3821\/revisions\/27377"}],"wp:attachment":[{"href":"https:\/\/antonini.psc.br\/index.php?rest_route=%2Fwp%2Fv2%2Fmedia&parent=3821"}],"wp:term":[{"taxonomy":"category","embeddable":true,"href":"https:\/\/antonini.psc.br\/index.php?rest_route=%2Fwp%2Fv2%2Fcategories&post=3821"},{"taxonomy":"post_tag","embeddable":true,"href":"https:\/\/antonini.psc.br\/index.php?rest_route=%2Fwp%2Fv2%2Ftags&post=3821"}],"curies":[{"name":"wp","href":"https:\/\/api.w.org\/{rel}","templated":true}]}}