{"id":3857,"date":"2009-05-13T10:32:49","date_gmt":"2009-05-13T13:32:49","guid":{"rendered":"http:\/\/antonini.med.br\/blog\/?p=3857"},"modified":"2022-02-15T03:29:04","modified_gmt":"2022-02-15T03:29:04","slug":"pilula-do-dia-seguinte-e-usada-de-forma-errada-mostra-pesquisa-em-pe","status":"publish","type":"post","link":"https:\/\/antonini.psc.br\/?p=3857","title":{"rendered":"P\u00edlula do dia seguinte \u00e9 usada de forma errada, mostra pesquisa em PE"},"content":{"rendered":"<p style=\"text-align: justify;\">Isso tamb\u00e9m \u00e9 da al\u00e7ada do <strong>Farmac\u00eautico<\/strong>, n\u00e3o apenas do m\u00e9dico, pois o profissional do medicamento, conforme a lei, \u00e9 o <strong>Farmac\u00eautico<\/strong> e n\u00e3o o m\u00e9dico. Farmac\u00eauticos, cumpram a lei o seu papel e povo, siga a lei a se aconselhe com o <strong>Farmac\u00eautico<\/strong>.<!--more--><\/p>\n<div id=\"articleBy\">\n<p style=\"text-align: justify;\"><strong>CL\u00c1UDIA COLLUCCI<\/strong><br \/>\nda <strong>Folha de S.Paulo<\/strong><\/p>\n<\/div>\n<p style=\"text-align: justify;\">Pesquisa com 4.200 estudantes entre 14 e 19 anos mostra que 27% j\u00e1 usaram a p\u00edlula do dia seguinte. Desses, 78% o fizeram de forma errada: tomaram o rem\u00e9dio antes do ato sexual ou ao notar o atraso da menstrua\u00e7\u00e3o, por exemplo.<\/p>\n<p style=\"text-align: justify;\">A p\u00edlula -que impede a fertiliza\u00e7\u00e3o do \u00f3vulo pelo espermatozoide- deve ser prescrita pelo m\u00e9dico e usada at\u00e9 72 horas ap\u00f3s o ato sexual desprotegido. O m\u00e9todo contraceptivo \u00e9 oferecido pelo SUS.<\/p>\n<p style=\"text-align: justify;\">O estudo, feito em 76 escolas estaduais de 44 munic\u00edpios de Pernambuco e publicado em peri\u00f3dico cient\u00edfico da Fiocruz (Funda\u00e7\u00e3o Oswaldo Cruz), revelou ainda que 35% dos alunos nunca haviam recebido informa\u00e7\u00f5es sobre o m\u00e9todo contraceptivo de emerg\u00eancia. E, entre os que receberam, a principal fonte foram os amigos.<\/p>\n<p style=\"text-align: justify;\">Para o ginecologista Nilson Roberto de Melo, presidente da Febrasgo (federa\u00e7\u00e3o das sociedades de ginecologia e obstetr\u00edcia), o alto \u00edndice de desconhecimento sobre a p\u00edlula n\u00e3o surpreende: &#8220;\u00c9 at\u00e9 esperado. Muitos jovens usam a contracep\u00e7\u00e3o de emerg\u00eancia de forma errada porque n\u00e3o recebem informa\u00e7\u00f5es apropriadas.&#8221;<\/p>\n<p style=\"text-align: justify;\">Segundo as pesquisadoras e autoras do estudo, Maria Suely de Ara\u00fajo e Laura Olinda Fernandes Costa, da Universidade de Pernambuco, quatro em cada dez entrevistados (44%) j\u00e1 tinham iniciado a vida sexual &#8211; 30,9% entre os 13 e os 14 anos.<\/p>\n<p style=\"text-align: justify;\">Entre os que mant\u00eam rela\u00e7\u00f5es sexuais, 60% dos rapazes e 24% das mo\u00e7as contaram ter tido tr\u00eas ou mais parceiros. A maioria diz ter usado camisinha na \u00faltima rela\u00e7\u00e3o sexual.<\/p>\n<p style=\"text-align: center;\">[<a href=\"javascript:history.go(-1)\">Voltar<\/a>]<\/p>\n","protected":false},"excerpt":{"rendered":"<p>Isso tamb\u00e9m \u00e9 da al\u00e7ada do Farmac\u00eautico, n\u00e3o apenas do m\u00e9dico, pois o profissional do medicamento, conforme a lei, \u00e9 o Farmac\u00eautico e n\u00e3o o m\u00e9dico. Farmac\u00eauticos, cumpram a lei o seu papel e povo, siga a lei a se aconselhe com o Farmac\u00eautico.<\/p>\n","protected":false},"author":1,"featured_media":0,"comment_status":"open","ping_status":"open","sticky":false,"template":"","format":"standard","meta":{"footnotes":""},"categories":[27],"tags":[],"class_list":["post-3857","post","type-post","status-publish","format-standard","hentry","category-noticias"],"_links":{"self":[{"href":"https:\/\/antonini.psc.br\/index.php?rest_route=\/wp\/v2\/posts\/3857","targetHints":{"allow":["GET"]}}],"collection":[{"href":"https:\/\/antonini.psc.br\/index.php?rest_route=\/wp\/v2\/posts"}],"about":[{"href":"https:\/\/antonini.psc.br\/index.php?rest_route=\/wp\/v2\/types\/post"}],"author":[{"embeddable":true,"href":"https:\/\/antonini.psc.br\/index.php?rest_route=\/wp\/v2\/users\/1"}],"replies":[{"embeddable":true,"href":"https:\/\/antonini.psc.br\/index.php?rest_route=%2Fwp%2Fv2%2Fcomments&post=3857"}],"version-history":[{"count":1,"href":"https:\/\/antonini.psc.br\/index.php?rest_route=\/wp\/v2\/posts\/3857\/revisions"}],"predecessor-version":[{"id":28025,"href":"https:\/\/antonini.psc.br\/index.php?rest_route=\/wp\/v2\/posts\/3857\/revisions\/28025"}],"wp:attachment":[{"href":"https:\/\/antonini.psc.br\/index.php?rest_route=%2Fwp%2Fv2%2Fmedia&parent=3857"}],"wp:term":[{"taxonomy":"category","embeddable":true,"href":"https:\/\/antonini.psc.br\/index.php?rest_route=%2Fwp%2Fv2%2Fcategories&post=3857"},{"taxonomy":"post_tag","embeddable":true,"href":"https:\/\/antonini.psc.br\/index.php?rest_route=%2Fwp%2Fv2%2Ftags&post=3857"}],"curies":[{"name":"wp","href":"https:\/\/api.w.org\/{rel}","templated":true}]}}