{"id":4214,"date":"2009-05-26T17:34:06","date_gmt":"2009-05-26T17:34:06","guid":{"rendered":"http:\/\/antonini.med.br\/blog\/?p=4214"},"modified":"2022-02-15T03:29:03","modified_gmt":"2022-02-15T03:29:03","slug":"a-era-da-bizarrisse-2","status":"publish","type":"post","link":"https:\/\/antonini.psc.br\/?p=4214","title":{"rendered":"A era da bizarrisse"},"content":{"rendered":"<p><span style=\"color: #000000; font-size: x-small;\"><\/p>\n<div style=\"text-align: justify;\">Os psiquiatras, psic\u00f3logos e outros afins devem estar perdidinhos imaginando que os conceitos de \u201cnormalidade\u201d apreendidos na faculdade, devem estar equivocados.<span><!--more--><\/span><\/p>\n<p>No. 104 \u2013 COLUNA DO SARDINHA<br \/>\n13.04.2.009<\/p><\/div>\n<div style=\"text-align: justify;\">O s\u00e9culo XXI est\u00e1 pondo em cheque todos os conceitos de \u201cnormalidade\u201d de todos e n\u00e3o s\u00f3 dos profissionais da sa\u00fade, deixando-nos em d\u00favida sobre o que \u00e9 certo ou errado, despertando frustra\u00e7\u00f5es que levam os indiv\u00edduos a duvidar de si mesmos e buscar nas aberra\u00e7\u00f5es uma resposta a sua falta de seguran\u00e7a.<\/p>\n<p>Se ser normal n\u00e3o resolve apelemos para a bizarrice, pois talvez babando na gravata, comendo abacate no penico, alcancemos o sucesso no meio social, que n\u00e3o conseguiremos pelas vias usuais.<\/p>\n<p>Como a insatisfa\u00e7\u00e3o apareceu com o homem sobre a face da terra, o bizarro virou regra, tomou conta da m\u00eddia, da pol\u00edtica enfim de tudo, sufocando inclusive o nosso senso do rid\u00edculo.<\/p>\n<p>Ali\u00e1s, ser rid\u00edculo hoje em dia, passa a ser apenas original e aut\u00eantico, confundindo a cabe\u00e7a de quem n\u00e3o est\u00e1 preparado para exercer o esp\u00edrito cr\u00edtico.<\/p>\n<p>Basta dar uma corridinha pelos canais de televis\u00e3o para ver o ex\u00f3tico, o inusitado e o\u00a0 bizarro desfilando soberanos e n\u00e3o dando a m\u00ednima para a l\u00f3gica e o bom-senso.<\/p>\n<p>Est\u00e1 se criando a cultura do absurdo. Estamos perdendo a no\u00e7\u00e3o do que pode ou n\u00e3o ser feito e dos limites da irracionalidade e isto ganha contornos maiores na pol\u00edtica que \u00e9 a caixa de resson\u00e2ncia do pensar coletivo.<\/p>\n<p>O Presidente americano est\u00e1 sendo louvado e admirado por uma qualidade que n\u00e3o tem nada a ver com intelecto, capacidade e outros atributos inerentes a um presidente da Rep\u00fablica da maior pot\u00eancia mundial, mas sim por ser afro-descendente, o que n\u00e3o o capacitaria por si s\u00f3, a ser sequer gandula do \u201csuper-bowl\u201d. Mas\u00a0 se assim a turma que decide acha, que fazer?<\/p>\n<p>Os exemplos s\u00e3o muitos: \u00e9 Lugo \u2013 popular\/populista, no Paraguai \u2013 \u00e9 Evo Morales, cocalero e \u00edndio na Bol\u00edvia \u2013 Luiz In\u00e1cio Lula da Silva \u2013 torneiro mec\u00e2nico aposentado, semi-alfabetizado no Brasil.<\/p>\n<p>N\u00e3o estamos discutindo crit\u00e9rio capacidade, mas sim a forma que a humanidade est\u00e1 comportando-se.<\/p>\n<p>Dias atr\u00e1s a m\u00eddia internacional alardeou aos quatro ventos a elei\u00e7\u00e3o da primeira mulher \u201cgay\u201d (a rigor o termo s\u00f3 pode ser aplicado a homens) como Primeira-ministra da Isl\u00e2ndia, pa\u00eds que foi ao FMI por estar quebrado. Quer dizer, o fato de, para a m\u00eddia \u00e9 mais importante do que qualquer crit\u00e9rio.<\/p>\n<p>J\u00e1 estamos antevendo nos anos vinte do s\u00e9culo XXI a seguinte manchete de determinado jornal: \u201csegundo pesquisa, o candidato Gabir\u00f3bidis, considerado \u201cnormal\u201d de acordo com os padr\u00f5es do in\u00edcio do s\u00e9culo \u00e9 o preferido por 48% dos eleitores ante o bizarro Lel\u00e9. Ser\u00e1 a primeira vez em mais de dez anos que um \u201cnormal\u201d elege-se presidente.\u201d<\/p>\n<p>Como ainda falta muito para isso acontecer \u00e9 quase certo que n\u00e3o vejamos tais absurdos e \u00e9 tamb\u00e9m quase certo que nossos escritos sejam preciosidades de museus, n\u00e3o necessariamente da \u201cCasa de Horrores\u201d de Madame Tussaud.<\/p>\n<p>Luiz Bosco Sardinha Machado<\/p><\/div>\n<div style=\"text-align: center;\">[<a href=\"javascript:history.go(-1)\">Voltar<\/a>]<\/div>\n<p><\/span><\/p>\n","protected":false},"excerpt":{"rendered":"<p>Os psiquiatras, psic\u00f3logos e outros afins devem estar perdidinhos imaginando que os conceitos de \u201cnormalidade\u201d apreendidos na faculdade, devem estar equivocados.<\/p>\n","protected":false},"author":1,"featured_media":0,"comment_status":"open","ping_status":"open","sticky":false,"template":"","format":"standard","meta":{"footnotes":""},"categories":[27],"tags":[],"class_list":["post-4214","post","type-post","status-publish","format-standard","hentry","category-noticias"],"_links":{"self":[{"href":"https:\/\/antonini.psc.br\/index.php?rest_route=\/wp\/v2\/posts\/4214","targetHints":{"allow":["GET"]}}],"collection":[{"href":"https:\/\/antonini.psc.br\/index.php?rest_route=\/wp\/v2\/posts"}],"about":[{"href":"https:\/\/antonini.psc.br\/index.php?rest_route=\/wp\/v2\/types\/post"}],"author":[{"embeddable":true,"href":"https:\/\/antonini.psc.br\/index.php?rest_route=\/wp\/v2\/users\/1"}],"replies":[{"embeddable":true,"href":"https:\/\/antonini.psc.br\/index.php?rest_route=%2Fwp%2Fv2%2Fcomments&post=4214"}],"version-history":[{"count":1,"href":"https:\/\/antonini.psc.br\/index.php?rest_route=\/wp\/v2\/posts\/4214\/revisions"}],"predecessor-version":[{"id":27289,"href":"https:\/\/antonini.psc.br\/index.php?rest_route=\/wp\/v2\/posts\/4214\/revisions\/27289"}],"wp:attachment":[{"href":"https:\/\/antonini.psc.br\/index.php?rest_route=%2Fwp%2Fv2%2Fmedia&parent=4214"}],"wp:term":[{"taxonomy":"category","embeddable":true,"href":"https:\/\/antonini.psc.br\/index.php?rest_route=%2Fwp%2Fv2%2Fcategories&post=4214"},{"taxonomy":"post_tag","embeddable":true,"href":"https:\/\/antonini.psc.br\/index.php?rest_route=%2Fwp%2Fv2%2Ftags&post=4214"}],"curies":[{"name":"wp","href":"https:\/\/api.w.org\/{rel}","templated":true}]}}