{"id":462,"date":"2008-11-06T15:46:55","date_gmt":"2008-11-06T18:46:55","guid":{"rendered":"http:\/\/www.antonini.med.br\/blog\/?p=462"},"modified":"2022-02-15T03:29:58","modified_gmt":"2022-02-15T03:29:58","slug":"campanha-nacional-contra-o-cancer-de-pele","status":"publish","type":"post","link":"https:\/\/antonini.psc.br\/?p=462","title":{"rendered":"Campanha Nacional Contra o C\u00e2ncer de Pele"},"content":{"rendered":"<div style=\"text-align: justify;\">Como todos os anos, no dia 08, s\u00e1bado, a Campanha Nacional de Preven\u00e7\u00e3o do C\u00e2ncer de Pele acontecer\u00e1 no Hospital de Cl\u00ednicas da Universidade Federal do Paran\u00e1 no per\u00edodo entre 9 e 15 horas e a equipe da Dermatologia atender\u00e1 a comunidade em geral com triagens e atendimentos.<\/div>\n<div style=\"text-align: justify;\">Local: Entrada Anexo B (SAM 4)<\/div>\n<div style=\"text-align: justify;\"><!--more--><\/div>\n<div style=\"text-align: justify;\">\n<p style=\"margin: 0cm 0cm 0pt; text-indent: 35.4pt; line-height: 150%; text-align: justify;\"><span style=\"text-decoration: underline;\"><strong>[singlepic id=937 w=320 h=240 float=left]O que \u00e9 c\u00e2ncer de pele?<\/strong><\/span><\/p>\n<p style=\"margin: 0cm 0cm 0pt; text-indent: 35.4pt; line-height: 150%; text-align: justify;\">O c\u00e2ncer de pele \u00e9 o crescimento anormal das c\u00e9lulas que comp\u00f5em a pele e \u00e9 a radia\u00e7\u00e3o ultravioleta do sol e de bronzeamentos artificiais a principal respons\u00e1vel.<\/p>\n<p style=\"margin: 0cm 0cm 0pt; text-indent: 35.4pt; line-height: 150%; text-align: justify;\">Como as c\u00e9lulas da pele se disp\u00f5em em camadas, dependendo das camadas afetadas, existir\u00e3o diferentes tipos de c\u00e2ncer. Os mais comuns s\u00e3o os carcinomas basocelulares (70% dos casos, mais comum ap\u00f3s os 40 anos em pessoas com pele clara) e os espinocelulares (muito comum em tabagistas, pessoas com exposi\u00e7\u00e3o prolongada ao sol, expostas \u00e0s subst\u00e2ncias qu\u00edmicas de ars\u00eanio e alcatr\u00e3o e com altera\u00e7\u00f5es na imunidade). Contudo, o mais perigoso \u00e9 o melanona (pode causar met\u00e1stase, \u00e9 mais freq\u00fcente em pessoas de pele clara e tem in\u00edcio, normalmente, com uma pinta escura).<\/p>\n<p>&#8212;<br \/>\nAssessoria de Marketing Institucional<br \/>\nHospital de Cl\u00ednicas da UFPR<br \/>\n<a href=\"mailto:mkt@hc.ufpr.br\" target=\"_blank\" rel=\"noopener noreferrer\">mkt@hc.ufpr.br<\/a> &#8211; Diretos (41) 3360.1864 -(41) 3360.7988 &#8211; Telefax (41)3360.7955<br \/>\nRua General Carneiro, 181 &#8211; 2\u00ba andar &#8211; Alto da Gl\u00f3ria &#8211; Curitiba \/ PR<\/p>\n<p style=\"text-align: center;\">[<a href=\"javascript:history.go(-1)\">Voltar<\/a>]<\/p>\n<\/div>\n","protected":false},"excerpt":{"rendered":"<p>Como todos os anos, no dia 08, s\u00e1bado, a Campanha Nacional de Preven\u00e7\u00e3o do C\u00e2ncer de Pele acontecer\u00e1 no Hospital de Cl\u00ednicas da Universidade Federal do Paran\u00e1 no per\u00edodo entre 9 e 15 horas e a equipe da Dermatologia atender\u00e1 a comunidade em geral com triagens e atendimentos. Local: Entrada Anexo B (SAM 4)<\/p>\n","protected":false},"author":1,"featured_media":0,"comment_status":"open","ping_status":"open","sticky":false,"template":"","format":"standard","meta":{"footnotes":""},"categories":[27],"tags":[],"class_list":["post-462","post","type-post","status-publish","format-standard","hentry","category-noticias"],"_links":{"self":[{"href":"https:\/\/antonini.psc.br\/index.php?rest_route=\/wp\/v2\/posts\/462","targetHints":{"allow":["GET"]}}],"collection":[{"href":"https:\/\/antonini.psc.br\/index.php?rest_route=\/wp\/v2\/posts"}],"about":[{"href":"https:\/\/antonini.psc.br\/index.php?rest_route=\/wp\/v2\/types\/post"}],"author":[{"embeddable":true,"href":"https:\/\/antonini.psc.br\/index.php?rest_route=\/wp\/v2\/users\/1"}],"replies":[{"embeddable":true,"href":"https:\/\/antonini.psc.br\/index.php?rest_route=%2Fwp%2Fv2%2Fcomments&post=462"}],"version-history":[{"count":1,"href":"https:\/\/antonini.psc.br\/index.php?rest_route=\/wp\/v2\/posts\/462\/revisions"}],"predecessor-version":[{"id":28151,"href":"https:\/\/antonini.psc.br\/index.php?rest_route=\/wp\/v2\/posts\/462\/revisions\/28151"}],"wp:attachment":[{"href":"https:\/\/antonini.psc.br\/index.php?rest_route=%2Fwp%2Fv2%2Fmedia&parent=462"}],"wp:term":[{"taxonomy":"category","embeddable":true,"href":"https:\/\/antonini.psc.br\/index.php?rest_route=%2Fwp%2Fv2%2Fcategories&post=462"},{"taxonomy":"post_tag","embeddable":true,"href":"https:\/\/antonini.psc.br\/index.php?rest_route=%2Fwp%2Fv2%2Ftags&post=462"}],"curies":[{"name":"wp","href":"https:\/\/api.w.org\/{rel}","templated":true}]}}