{"id":466,"date":"2008-11-06T17:03:57","date_gmt":"2008-11-06T20:03:57","guid":{"rendered":"http:\/\/www.antonini.med.br\/blog\/?p=466"},"modified":"2022-02-15T03:29:58","modified_gmt":"2022-02-15T03:29:58","slug":"doencas-associadas-a-estilo-de-vida-matam-mais-que-homicidios-e-acidentes-de-transito-no-brasil","status":"publish","type":"post","link":"https:\/\/antonini.psc.br\/?p=466","title":{"rendered":"Doen\u00e7as associadas a estilo de vida matam mais que homic\u00eddios e acidentes de tr\u00e2nsito no Brasil"},"content":{"rendered":"<p style=\"text-align: justify;\">Doen\u00e7as provocadas por fatores como sedentarismo, fumo, consumo excessivo de \u00e1lcool e alimenta\u00e7\u00e3o inadequada s\u00e3o a principal causa de morte no pa\u00eds. \u00c9 o que confirmam os dados do &#8220;Sa\u00fade Brasil 2007&#8221;, levantamento divulgado pelo Minist\u00e9rio da Sa\u00fade nesta quinta-feira, em Bras\u00edlia, durante a 8\u00aa Expoepi &#8211; Mostra Nacional de Experi\u00eancias Bem Sucedidas em Epidemiologia, Preven\u00e7\u00e3o e Controle de Doen\u00e7as.<\/p>\n<p style=\"text-align: justify;\"><!--more--><\/p>\n<p style=\"text-align: justify;\">Tatiana Pronin<br \/>\nEditora do UOL Ci\u00eancia e Sa\u00fade<br \/>\nEm S\u00e3o Paulo\n<\/p>\n<p style=\"text-align: justify;\">O trabalho, uma an\u00e1lise dos registros do Sistema de Informa\u00e7\u00f5es de Mortalidade (SIM) de 2005, mostra que o grupo das doen\u00e7as do aparelho circulat\u00f3rio &#8211; infartos, derrames, diabetes e hipertens\u00e3o, entre outras &#8211; representa 32,2% do total de mortes no pa\u00eds. O c\u00e2ncer aparece em segundo lugar na lista (16,7%), seguido de causas externas, como viol\u00eancia e acidentes de tr\u00e2nsito (14,5%) e doen\u00e7as do aparelho respirat\u00f3rio (11,1%).<\/p>\n<p style=\"text-align: justify;\">Entre as doen\u00e7as do aparelho circulat\u00f3rio, o AVC (Acidente Vascular Cerebral), tamb\u00e9m chamado de derrame, \u00e9 o principal vil\u00e3o: representa 10% de todas as mortes registradas naquele ano. Em segundo lugar est\u00e1 a chamada doen\u00e7a isqu\u00eamica do cora\u00e7\u00e3o, principalmente o infarto do mioc\u00e1rdio, que foi a causa de 9,4% do total de registros.<\/p>\n<p style=\"text-align: justify;\">O Minist\u00e9rio da Sa\u00fade ressalta que esse perfil acompanha uma tend\u00eancia mundial &#8211; \u00e0 medida em que o pa\u00eds se desenvolve, doen\u00e7as infecciosas e parasit\u00e1rias deixam de ser a principal amea\u00e7a. Em 1930, doen\u00e7as como mal\u00e1ria, tuberculose e diarr\u00e9ia eram a causa de 46% das mortes no pa\u00eds, sendo que hoje representam apenas 5%. Por outro lado, as doen\u00e7as cardiovasculares, que hoje lideram o ranking, provocavam apenas 12% dos \u00f3bitos naquela \u00e9poca.<\/p>\n<p style=\"text-align: justify;\">&#8220;Problemas como AVC e infarto t\u00eam componentes gen\u00e9ticos, mas fatores como o estresse, a falta de atividade f\u00edsica e a alimenta\u00e7\u00e3o inadequada s\u00e3o determinantes para a obstru\u00e7\u00e3o das art\u00e9rias que irrigam o c\u00e9rebro e o cora\u00e7\u00e3o&#8221;, explica o cl\u00ednico geral Jayme Campos Viana, do Hospital Prof. Edmundo Vasconcelos, em S\u00e3o Paulo.<\/p>\n<p style=\"text-align: justify;\">Assim como as doen\u00e7as do aparelho circulat\u00f3rio, o estilo de vida tamb\u00e9m \u00e9 determinante para o desenvolvimento do c\u00e2ncer, segunda causa de mortes no Brasil. De acordo com o Minist\u00e9rio da Sa\u00fade, cerca de 85% dos tumores s\u00e3o provocados por fatores ambientais, como alimenta\u00e7\u00e3o incorreta, exposi\u00e7\u00e3o intensa ao sol e consumo excessivo de \u00e1lcool e tabaco.<\/p>\n<p style=\"text-align: center;\">[<a href=\"javascript:history.go(-1)\">Voltar<\/a>]<\/p>\n","protected":false},"excerpt":{"rendered":"<p>Doen\u00e7as provocadas por fatores como sedentarismo, fumo, consumo excessivo de \u00e1lcool e alimenta\u00e7\u00e3o inadequada s\u00e3o a principal causa de morte no pa\u00eds. \u00c9 o que confirmam os dados do &#8220;Sa\u00fade Brasil 2007&#8221;, levantamento divulgado pelo Minist\u00e9rio da Sa\u00fade nesta quinta-feira, em Bras\u00edlia, durante a 8\u00aa Expoepi &#8211; Mostra Nacional de Experi\u00eancias Bem Sucedidas em Epidemiologia, [&hellip;]<\/p>\n","protected":false},"author":1,"featured_media":0,"comment_status":"open","ping_status":"open","sticky":false,"template":"","format":"standard","meta":{"footnotes":""},"categories":[27],"tags":[],"class_list":["post-466","post","type-post","status-publish","format-standard","hentry","category-noticias"],"_links":{"self":[{"href":"https:\/\/antonini.psc.br\/index.php?rest_route=\/wp\/v2\/posts\/466","targetHints":{"allow":["GET"]}}],"collection":[{"href":"https:\/\/antonini.psc.br\/index.php?rest_route=\/wp\/v2\/posts"}],"about":[{"href":"https:\/\/antonini.psc.br\/index.php?rest_route=\/wp\/v2\/types\/post"}],"author":[{"embeddable":true,"href":"https:\/\/antonini.psc.br\/index.php?rest_route=\/wp\/v2\/users\/1"}],"replies":[{"embeddable":true,"href":"https:\/\/antonini.psc.br\/index.php?rest_route=%2Fwp%2Fv2%2Fcomments&post=466"}],"version-history":[{"count":1,"href":"https:\/\/antonini.psc.br\/index.php?rest_route=\/wp\/v2\/posts\/466\/revisions"}],"predecessor-version":[{"id":28150,"href":"https:\/\/antonini.psc.br\/index.php?rest_route=\/wp\/v2\/posts\/466\/revisions\/28150"}],"wp:attachment":[{"href":"https:\/\/antonini.psc.br\/index.php?rest_route=%2Fwp%2Fv2%2Fmedia&parent=466"}],"wp:term":[{"taxonomy":"category","embeddable":true,"href":"https:\/\/antonini.psc.br\/index.php?rest_route=%2Fwp%2Fv2%2Fcategories&post=466"},{"taxonomy":"post_tag","embeddable":true,"href":"https:\/\/antonini.psc.br\/index.php?rest_route=%2Fwp%2Fv2%2Ftags&post=466"}],"curies":[{"name":"wp","href":"https:\/\/api.w.org\/{rel}","templated":true}]}}