{"id":4845,"date":"2009-06-26T00:43:20","date_gmt":"2009-06-26T00:43:20","guid":{"rendered":"http:\/\/antonini.med.br\/blog\/?p=4845"},"modified":"2022-02-15T03:28:42","modified_gmt":"2022-02-15T03:28:42","slug":"reconhecimento-e-institucionalizacao-do-racismo","status":"publish","type":"post","link":"https:\/\/antonini.psc.br\/?p=4845","title":{"rendered":"Reconhecimento e institucionaliza\u00e7\u00e3o do racismo"},"content":{"rendered":"<p style=\"text-align: justify;\">Projeto que garante cotas em universidades ser\u00e1 votado na pr\u00f3xima semana, diz ministro. Esse projeto insano, inconstitucional e CRIMINOSO acabar\u00e1 passando. Depois quero ver quem ter\u00e1 coragem e moral suficiente para se queixar de racismo. Os negros est\u00e3o fomentando e reconhecendo o racismo, \u00e0 despeito da norma constitucional. Ou seja: est\u00e3o cavando a pr\u00f3pria sepultura moral e social. Leia <a href=\"http:\/\/educacao.uol.com.br\/ultnot\/2009\/06\/25\/ult105u8300.jhtm\" target=\"_blank\" rel=\"noopener noreferrer\">mais<\/a><\/p>\n<p style=\"text-align: center;\">[<a href=\"javascript:history.go(-1)\">Voltar<\/a>]<\/p>\n","protected":false},"excerpt":{"rendered":"<p>Projeto que garante cotas em universidades ser\u00e1 votado na pr\u00f3xima semana, diz ministro. Esse projeto insano, inconstitucional e CRIMINOSO acabar\u00e1 passando. Depois quero ver quem ter\u00e1 coragem e moral suficiente para se queixar de racismo. Os negros est\u00e3o fomentando e reconhecendo o racismo, \u00e0 despeito da norma constitucional. Ou seja: est\u00e3o cavando a pr\u00f3pria sepultura [&hellip;]<\/p>\n","protected":false},"author":1,"featured_media":0,"comment_status":"open","ping_status":"open","sticky":false,"template":"","format":"standard","meta":{"footnotes":""},"categories":[27],"tags":[],"class_list":["post-4845","post","type-post","status-publish","format-standard","hentry","category-noticias"],"_links":{"self":[{"href":"https:\/\/antonini.psc.br\/index.php?rest_route=\/wp\/v2\/posts\/4845","targetHints":{"allow":["GET"]}}],"collection":[{"href":"https:\/\/antonini.psc.br\/index.php?rest_route=\/wp\/v2\/posts"}],"about":[{"href":"https:\/\/antonini.psc.br\/index.php?rest_route=\/wp\/v2\/types\/post"}],"author":[{"embeddable":true,"href":"https:\/\/antonini.psc.br\/index.php?rest_route=\/wp\/v2\/users\/1"}],"replies":[{"embeddable":true,"href":"https:\/\/antonini.psc.br\/index.php?rest_route=%2Fwp%2Fv2%2Fcomments&post=4845"}],"version-history":[{"count":1,"href":"https:\/\/antonini.psc.br\/index.php?rest_route=\/wp\/v2\/posts\/4845\/revisions"}],"predecessor-version":[{"id":27337,"href":"https:\/\/antonini.psc.br\/index.php?rest_route=\/wp\/v2\/posts\/4845\/revisions\/27337"}],"wp:attachment":[{"href":"https:\/\/antonini.psc.br\/index.php?rest_route=%2Fwp%2Fv2%2Fmedia&parent=4845"}],"wp:term":[{"taxonomy":"category","embeddable":true,"href":"https:\/\/antonini.psc.br\/index.php?rest_route=%2Fwp%2Fv2%2Fcategories&post=4845"},{"taxonomy":"post_tag","embeddable":true,"href":"https:\/\/antonini.psc.br\/index.php?rest_route=%2Fwp%2Fv2%2Ftags&post=4845"}],"curies":[{"name":"wp","href":"https:\/\/api.w.org\/{rel}","templated":true}]}}