{"id":4853,"date":"2009-06-26T08:53:03","date_gmt":"2009-06-26T08:53:03","guid":{"rendered":"http:\/\/antonini.med.br\/blog\/?p=4853"},"modified":"2022-02-15T03:28:42","modified_gmt":"2022-02-15T03:28:42","slug":"estamos-sos","status":"publish","type":"post","link":"https:\/\/antonini.psc.br\/?p=4853","title":{"rendered":"Estamos s\u00f3s"},"content":{"rendered":"<p style=\"text-align: justify;\">Ernesto  Caruso, 25\/06\/2009<!--more--><\/p>\n<p style=\"text-align: justify;\">\u00c9 a conclus\u00e3o que se pode tirar das mensagens, textos e  artigos assinados por militares e digress\u00f5es tais, que civis e jornalistas  atentos externam com empenho, alertando a Na\u00e7\u00e3o para o perigo que representa  esse alijamento por parte dos governos e pol\u00edticos e o sil\u00eancio de clausura a  que se impuseram as autoridades militares, diante das desastradas decis\u00f5es de um  Executivo dominador, um Legislativo submisso e um Judici\u00e1rio  aliado<\/p>\n<p style=\"text-align: justify;\">No artigo \u201cA fantasiosa estrat\u00e9gia\u201d, do  Gen Ex Luiz Gonzaga S. Lessa, comentando a palestra do M. da Defesa,  consta: \u201cFoi desolador ouvir o titular da pasta, por quase 3 horas, desfiar  objetivos, metas, prioridades, princ\u00edpios que, longe de convencerem, despertaram  inquieta\u00e7\u00e3o e pasmo pelo seu alto conte\u00fado te\u00f3rico, calcado em falsas premissas  de democratiza\u00e7\u00e3o, subordina\u00e7\u00e3o do militar ao poder civil e sua  efetiva retirada do processo pol\u00edtico brasileiro, alheando-o das grandes  decis\u00f5es nacionais. &#8230; Na realidade, \u00e9 com &#8220;for\u00e7as desarmadas&#8221; que  disp\u00f5e o pa\u00eds para a sua defesa, incapazes de se oporem com razo\u00e1vel grau\u00a0 de sucesso a poss\u00edveis investidas inimigas,  sejam elas de que origem for. A responsabilidade por esse desastroso quadro \u00e9  dos pol\u00edticos, tem nome e sobrenome &#8211; poder civil &#8211; que vem governando o  pa\u00eds por mais de 20 de vinte anos e que n\u00e3o atribui ao segmento militar  as prioridades que ele necessita.\u201d<\/p>\n<p style=\"text-align: justify;\">Outra observa\u00e7\u00e3o: \u201cAlguns pol\u00edticos erram ao ver as  For\u00e7as Armadas como um instrumento de governo e n\u00e3o de Estado. Por isso, buscam alijar os  militares (que s\u00e3o apartid\u00e1rios) das decis\u00f5es pol\u00edticas e estrat\u00e9gicas  necess\u00e1rias \u00e0 defesa da sociedade e do Brasil. Tal atitude prejudica o  planejamento e a implementa\u00e7\u00e3o da Estrat\u00e9gia Nacional de Defesa, pois representa  uma regress\u00e3o do pensamento estrat\u00e9gico no Pa\u00eds, em face de um injusto  pr\u00e9-julgamento dos militares feito por maus pol\u00edticos de plant\u00e3o. (Gen Ex  Carlos Alberto Pinto Silva, \u201cA implementa\u00e7\u00e3o da Estrat\u00e9gia Nacional  de Defesa \u2013 alguns aspectos julgados relevantes \u2013 5 Mai 09\u201d<\/p>\n<p style=\"text-align: justify;\">Em \u201cVer\u00e1s que um filho teu n\u00e3o foge \u00e0 luta\u201d, o Gen Ex  Armando Luiz M. de Paiva Chaves n\u00e3o faz por menos, \u201cH\u00e1 anos se arrastam  processos escandalosos de apropria\u00e7\u00e3o indevida de dinheiros p\u00fablicos; de compra  de votos e consci\u00eancias de parlamentares; de licita\u00e7\u00f5es fraudulentas; de crimes  de morte de conota\u00e7\u00e3o pol\u00edtico-partid\u00e1ria, sem solu\u00e7\u00e3o. &#8230; A mais alta corte  p\u00f5e em risco a soberania nacional, com decis\u00e3o que concede continuidade a  reserva ind\u00edgena de grande superf\u00edcie, estendida ao longo de fronteira n\u00e3o  vivificada. &#8230;Temas como os assassinatos do prefeito de Santo Andr\u00e9 e  testemunhas, os D\u00f3lares apreendidos durante a campanha para o governo de S\u00e3o  Paulo caem no esquecimento.<\/p>\n<p style=\"text-align: justify;\">O Gen Paiva Chaves mais adiante em LIVRE EMPRESA (7  Jun 09) complementa \u201cA empresa maior, a Na\u00e7\u00e3o, espera ainda mais de seu  cidad\u00e3o-empres\u00e1rio. Espera que, em sua vis\u00e3o de futuro, n\u00e3o se limite \u00e0 produ\u00e7\u00e3o  da riqueza, mas se preocupe, tamb\u00e9m, com a prote\u00e7\u00e3o  dessa riqueza.<\/p>\n<p style=\"text-align: justify;\">No espa\u00e7o menor da seguran\u00e7a individual e do neg\u00f3cio, o empres\u00e1rio est\u00e1  atento. E no espa\u00e7o maior  da seguran\u00e7a nacional?<\/p>\n<p style=\"text-align: justify;\">Seguran\u00e7a nacional. \u00c9 uma express\u00e3o atualmente evitada, se n\u00e3o  procrastinada, por conota\u00e7\u00f5es hist\u00f3ricas e ideol\u00f3gicas, Mas h\u00e1 que ser redimida,  sob risco de nos esquecermos de que \u00e9 uma condi\u00e7\u00e3o imperativa de paz, respeito,  prote\u00e7\u00e3o da riqueza, de soberania.\u201d<\/p>\n<p style=\"text-align: justify;\">Do jornalista Carlos Chagas, \u201cA Am\u00e9rica Latina  serviria como imensa reserva de recursos naturais para explora\u00e7\u00e3o na medida das  necessidades da superpot\u00eancia, aqui se permitindo at\u00e9 p\u00e9rfidos enclaves, no caso, as na\u00e7\u00f5es  ind\u00edgenas, verdadeiros jardins  zool\u00f3gicos a ser visitados por seus turistas, negando-se \u00e0s popula\u00e7\u00f5es  silv\u00edcolas, mesmo com ressalvas, os benef\u00edcios da civiliza\u00e7\u00e3o.<\/p>\n<p style=\"text-align: justify;\">Isso ocorre diante de nossos olhos, e por  conta de parcela de nossas elites, que det\u00e9m o governo. Outra motiva\u00e7\u00e3o n\u00e3o teve  a cria\u00e7\u00e3o do Minist\u00e9rio da Defesa, contr\u00e1rio \u00e0 tradi\u00e7\u00e3o brasileira mas patamar  fundamental para  o alijamento das For\u00e7as Armadas das decis\u00f5es nacionais. (Como  Dissolver a Soberania Nacional, 23 Jul 00)\u201d<\/p>\n<p style=\"text-align: justify;\">H\u00e1 que se lembrar que o EMFA foi desativado por  interesses no retraimento, no rebaixamento e no alijamento do segmento militar  dos centros de poder, exercia uma coordena\u00e7\u00e3o entre as For\u00e7as, onde seus  representantes se reuniam, se conheciam e trocavam informa\u00e7\u00f5es em sadia e  conveniente centraliza\u00e7\u00e3o.<\/p>\n<p style=\"text-align: justify;\">Tal esvaziamento do Poder Militar teve suas sementes com  o advento da Nova Rep\u00fablica, miscel\u00e2nea nos minist\u00e9rios decorrente de  compromissos Tancredo\/esquerdistas\/cassados, culminando com a cria\u00e7\u00e3o do  Minist\u00e9rio da Defesa no governo FHC. At\u00e9 a mudan\u00e7a da designa\u00e7\u00e3o de Gabinete  Militar, criado em 1938, nos parece ter origem no subconsciente dos novos donos  do poder, remanescentes da luta armada desencadeada em nome do MCI, derrotados  todas as vezes que intentaram contra as institui\u00e7\u00f5es democr\u00e1ticas. Eis que em 1992, passou o  GABINETE MILITAR a chamar-se CASA MILITAR e em 1999, designado Gabinete de  Seguran\u00e7a Institucional.<\/p>\n<p style=\"text-align: justify;\">A menos que haja uma virada  radical, n\u00e3o h\u00e1 perspectiva de mudan\u00e7a, pois a continuidade com Lula ou com  Dilma Roussef, n\u00e3o vai diminuir a persegui\u00e7\u00e3o aos militares, com Tarso\/Vanucchi  e gen\u00e9ricos, nem a alternativa com Serra, que nos dizeres do jornalista  Ipojuca Pontes, assusta: &#8220;Mas h\u00e1 projeto mais perigoso, na agenda do  candidato Serra: como  homem p\u00fablico &#8220;avesso aos militares\u201d, leia-se Ex\u00e9rcito Nacional, ele pretende, caso chegue \u00e0  Presid\u00eancia da Rep\u00fablica, propor a cria\u00e7\u00e3o de Minist\u00e9rio da Seguran\u00e7a P\u00fablica.  Seu entendimento, segundo propala, \u00e9 de que \u201ca Uni\u00e3o precisa estar \u00e0 frente da  coordena\u00e7\u00e3o das a\u00e7\u00f5es de seguran\u00e7a, inclusive com maior presen\u00e7a no controle das  fronteiras\u201d.<\/p>\n<p style=\"text-align: justify;\">No Mensageiro, o jornalista  Fl\u00e1vio Pinto Ramos exclama: \u201cNos Cubes  Militares, militares reformados e os da reserva gritam, mostrando os graves  riscos que o pa\u00eds enfrenta, mas as palavras deles s\u00e3o jogadas ao vento. Sem que  a imprensa comprada cumpra o seu dever de informar, a voz da experi\u00eancia n\u00e3o \u00e9  ouvida. E o povo,  coitado, perde a sua \u00fanica esperan\u00e7a.\u201d (Circo dos  horrores)<\/p>\n<p style=\"text-align: justify;\">Do empres\u00e1rio e professor  Marco Antonio Santos, uma interessante conclus\u00e3o:<\/p>\n<p style=\"text-align: justify;\">\u201cOs  pol\u00edticos ainda n\u00e3o perceberam que o risco \u00e9 infinitamente menor quando eles  est\u00e3o equipados com as melhores armas e id\u00e9ias que a Na\u00e7\u00e3o puder lhes dar,  conforme, sabiamente, profetizou o General Douglas MacArthur. S\u00e3o preparados  para sobreviver na adversidade. Alimentam-se da f\u00e9 em suas cren\u00e7as. N\u00e3o pedem  muito, apenas o m\u00ednimo \u2014 o respeito \u2014, sem humilha\u00e7\u00f5es.<\/p>\n<p style=\"text-align: justify;\">O  perigo existir\u00e1 quando acreditarem que est\u00e3o por si  s\u00f3s&#8230;\u201d<\/p>\n<p style=\"text-align: center;\">[<a href=\"javascript:history.go(-1)\">Voltar<\/a>]<\/p>\n","protected":false},"excerpt":{"rendered":"<p>Ernesto Caruso, 25\/06\/2009<\/p>\n","protected":false},"author":1,"featured_media":0,"comment_status":"open","ping_status":"open","sticky":false,"template":"","format":"standard","meta":{"footnotes":""},"categories":[27],"tags":[],"class_list":["post-4853","post","type-post","status-publish","format-standard","hentry","category-noticias"],"_links":{"self":[{"href":"https:\/\/antonini.psc.br\/index.php?rest_route=\/wp\/v2\/posts\/4853","targetHints":{"allow":["GET"]}}],"collection":[{"href":"https:\/\/antonini.psc.br\/index.php?rest_route=\/wp\/v2\/posts"}],"about":[{"href":"https:\/\/antonini.psc.br\/index.php?rest_route=\/wp\/v2\/types\/post"}],"author":[{"embeddable":true,"href":"https:\/\/antonini.psc.br\/index.php?rest_route=\/wp\/v2\/users\/1"}],"replies":[{"embeddable":true,"href":"https:\/\/antonini.psc.br\/index.php?rest_route=%2Fwp%2Fv2%2Fcomments&post=4853"}],"version-history":[{"count":1,"href":"https:\/\/antonini.psc.br\/index.php?rest_route=\/wp\/v2\/posts\/4853\/revisions"}],"predecessor-version":[{"id":27295,"href":"https:\/\/antonini.psc.br\/index.php?rest_route=\/wp\/v2\/posts\/4853\/revisions\/27295"}],"wp:attachment":[{"href":"https:\/\/antonini.psc.br\/index.php?rest_route=%2Fwp%2Fv2%2Fmedia&parent=4853"}],"wp:term":[{"taxonomy":"category","embeddable":true,"href":"https:\/\/antonini.psc.br\/index.php?rest_route=%2Fwp%2Fv2%2Fcategories&post=4853"},{"taxonomy":"post_tag","embeddable":true,"href":"https:\/\/antonini.psc.br\/index.php?rest_route=%2Fwp%2Fv2%2Ftags&post=4853"}],"curies":[{"name":"wp","href":"https:\/\/api.w.org\/{rel}","templated":true}]}}