{"id":4926,"date":"2009-06-28T18:06:33","date_gmt":"2009-06-28T21:06:33","guid":{"rendered":"http:\/\/antonini.med.br\/blog\/?p=4926"},"modified":"2022-02-15T03:28:42","modified_gmt":"2022-02-15T03:28:42","slug":"4926","status":"publish","type":"post","link":"https:\/\/antonini.psc.br\/?p=4926","title":{"rendered":"Gaspari: \u2018O Bolsa Ditadura tornou-se uma ind\u00fastria\u2019"},"content":{"rendered":"<p style=\"text-align: justify;\">Vai abaixo o texto que abre a coluna levada pelo rep\u00f3rter Elio Gaspari \u00e0s p\u00e1ginas deste domingo. Entre elas as da <em><a href=\"http:\/\/www1.folha.uol.com.br\/fsp\/inde28062009.shl\" target=\"_blank\" rel=\"noopener noreferrer\">Folha<\/a><\/em>.<!--more--><\/p>\n<p style=\"text-align: justify;\"><img loading=\"lazy\" decoding=\"async\" class=\"alignleft size-full wp-image-4929\" title=\"GutoCassianoMacacos\" src=\"http:\/\/heinzpechner.org\/blog\/wp-content\/uploads\/2009\/06\/GutoCassianoMacacos.jpg\" alt=\"GutoCassianoMacacos\" width=\"237\" height=\"300\" \/>Conta que o assalto \u00e0s arcas da Vi\u00fava, veneranda e desprotegida senhora, produziu milion\u00e1rios e avacalhou a velha esquerda.<\/p>\n<p style=\"text-align: justify;\"><strong>\u201cS<\/strong>e algu\u00e9m quisesse produzir um veneno capaz de desmoralizar a esquerda sexagen\u00e1ria brasileira dificilmente chegaria a algo parecido com o Bolsa Ditadura.<\/p>\n<p style=\"text-align: justify;\">Aquilo que em 2002 foi uma iniciativa destinada a reparar danos impostos durante 21 anos a cidad\u00e3os brasileiros transformou-se numa catedral de voracidade, privil\u00e9gios e malandragens.<\/p>\n<p style=\"text-align: justify;\">O Bolsa Ditadura j\u00e1 custou R$ 2,5 bilh\u00f5es \u00e0 contabilidade da Vi\u00fava. Estima-se que essa conta chegue a R$ 4 bilh\u00f5es no ano que vem.<\/p>\n<p style=\"text-align: justify;\">Em 1952, o governo alem\u00e3o pagou o equivalente a R$ 11 bilh\u00f5es (US$ 5,8 bilh\u00f5es) ao Estado de Israel pelos crimes cometidos contra os judeus durante o nazismo.<\/p>\n<p style=\"text-align: justify;\">O Bolsa Ditadura gerou uma ind\u00fastria voraz de atravessadores e advogados que embolsam at\u00e9 30% do que conseguem para seus clientes.<\/p>\n<p style=\"text-align: justify;\">No bra\u00e7o financeiro do pensionato h\u00e1 bancos comprando cr\u00e9ditos de anistiados. O rep\u00f3rter Felipe Recondo revelou que Elmo Sampaio, dono da Elmo Consultoria, morder\u00e1 10% da indeniza\u00e7\u00e3o que ser\u00e1 paga a camponeses sexagen\u00e1rios, arruinados, presos e torturados pela tropa do Ex\u00e9rcito durante a repress\u00e3o \u00e0 Guerrilha do Araguaia.<\/p>\n<p style=\"text-align: justify;\">Como diria Lula, s\u00e3o 44 &#8220;pessoas comuns&#8221; que receber\u00e3o pens\u00f5es de R$ 930 mensais e compensa\u00e7\u00f5es de at\u00e9 R$ 142 mil.<\/p>\n<p style=\"text-align: justify;\">Essa turma do andar de baixo conseguiu o benef\u00edcio muitos anos depois da concess\u00e3o de indeniza\u00e7\u00f5es e pens\u00f5es aos militantes do PC do B envolvidos com a guerrilha.<\/p>\n<p style=\"text-align: justify;\">O doutor Elmo remunera-se intermediando candidatos e advogados. Seu plantel de requerentes passa de 200.<\/p>\n<p style=\"text-align: justify;\">Ele integrou a Comiss\u00e3o da Anistia e dela obteve uma pens\u00e3o de R$ 8.000 mensais, mais uma indeniza\u00e7\u00e3o superior a R$ 1 milh\u00e3o, por conta de um emprego perdido na Petrobras.<\/p>\n<p style=\"text-align: justify;\">No primeiro grupo de milion\u00e1rios das repara\u00e7\u00f5es esteve outro petroleiro, que em 2004 chefiava o gabinete do advogado Luiz Eduardo Greenhalgh na C\u00e2mara. O Bolsa Ditadura j\u00e1 habilitou mais de 160 milion\u00e1rios.<\/p>\n<p style=\"text-align: justify;\">\u00c9 poss\u00edvel que o ataque ao er\u00e1rio brasileiro venha a custar mais caro que todos os programas de repara\u00e7\u00f5es de todos os povos europeus vitimados pelo comunismo em ditaduras que duraram quase meio s\u00e9culo.<\/p>\n<p style=\"text-align: justify;\">Na Alemanha, por exemplo, um projeto de 2007 dava algo como R$ 700 mensais a quem passou mais de seis meses na cadeia e tinha renda baixa (repetindo, renda baixa). Na Rep\u00fablica Tcheca, o benef\u00edcio dos ex-presos n\u00e3o pode passar de R$ 350 mensais.<\/p>\n<p style=\"text-align: justify;\">No Chile, o governo pagou indeniza\u00e7\u00f5es de 3 milh\u00f5es de pesos (R$ 11 mil) e concedeu pens\u00f5es equivalentes a R$ 500 mensais. Durante 13 anos, entre 1994 e 2007, esse programa custou US$ 1,4 bilh\u00e3o.<\/p>\n<p style=\"text-align: justify;\">No Brasil, em oito anos, o Bolsa Ditadura custar\u00e1 o dobro. O regime de Pinochet matou 2.279 pessoas e violou os direitos humanos de 35 mil.<\/p>\n<p style=\"text-align: justify;\">Somando-se os brasileiros cassados, demitidos do servi\u00e7o p\u00fablico, indiciados ou denunciados \u00e0 Justi\u00e7a chega-se a um total de 20 mil pessoas. J\u00e1 foram concedidas 12 mil Bolsas Ditadura e h\u00e1 uma fila de 7.000 requerentes.<\/p>\n<p style=\"text-align: justify;\">Os camponeses do Araguaia esperaram 35 anos pela compensa\u00e7\u00e3o. Como Lula n\u00e3o \u00e9 &#8220;uma pessoa comum&#8221;, ficou preso 31 dias em 1979 e come\u00e7ou a receber sua Bolsa Ditadura oito anos depois.<\/p>\n<p style=\"text-align: justify;\">Desde 2003, o companheiro tem sal\u00e1rio (R$ 11.239,24), casa, comida, avi\u00e3o e roupa lavada \u00e0 custa da Vi\u00fava. Mesmo assim embolsa mensalmente cerca de R$ 5.000 da Bolsa Ditadura. (Se tivesse deixado o dinheiro no banco, rendendo a Bolsa Copom, seu saldo estaria em torno de R$ 1 milh\u00e3o.)<\/p>\n<p style=\"text-align: justify;\">O cidad\u00e3o que em 1968 perdeu a parte inferior da perna num atentado a bomba ao Consulado Americano recebe pelo INSS (por invalidez), R$ 571 mensais. Um terrorista que participou da opera\u00e7\u00e3o ganhou uma Bolsa Ditadura de R$ 1.627.<\/p>\n<p style=\"text-align: justify;\">Um militante do PC do B que sobreviveu \u00e0 guerrilha e jamais foi preso, conseguiu uma pens\u00e3o de R$ 2.532. Um jovem campon\u00eas que passou tr\u00eas meses encarcerado, teve o pai assassinado pelo Ex\u00e9rcito e deixou a regi\u00e3o com pouco mais que a roupa do corpo, receber\u00e1 uma pens\u00e3o de R$ 930.<\/p>\n<p style=\"text-align: justify;\">Nesses, e em muitos outros casos, Mill\u00f4r Fernandes tem raz\u00e3o: \u2018Quer dizer que aquilo n\u00e3o era ideologia, era investimento?\u2019<strong>&#8220;<\/strong><\/p>\n<p style=\"text-align: center;\">[<a href=\"javascript:history.go(-1)\">Voltar<\/a>]<\/p>\n","protected":false},"excerpt":{"rendered":"<p>Vai abaixo o texto que abre a coluna levada pelo rep\u00f3rter Elio Gaspari \u00e0s p\u00e1ginas deste domingo. Entre elas as da Folha.<\/p>\n","protected":false},"author":1,"featured_media":0,"comment_status":"open","ping_status":"open","sticky":false,"template":"","format":"standard","meta":{"footnotes":""},"categories":[25,27],"tags":[],"class_list":["post-4926","post","type-post","status-publish","format-standard","hentry","category-josias-de-souza","category-noticias"],"_links":{"self":[{"href":"https:\/\/antonini.psc.br\/index.php?rest_route=\/wp\/v2\/posts\/4926","targetHints":{"allow":["GET"]}}],"collection":[{"href":"https:\/\/antonini.psc.br\/index.php?rest_route=\/wp\/v2\/posts"}],"about":[{"href":"https:\/\/antonini.psc.br\/index.php?rest_route=\/wp\/v2\/types\/post"}],"author":[{"embeddable":true,"href":"https:\/\/antonini.psc.br\/index.php?rest_route=\/wp\/v2\/users\/1"}],"replies":[{"embeddable":true,"href":"https:\/\/antonini.psc.br\/index.php?rest_route=%2Fwp%2Fv2%2Fcomments&post=4926"}],"version-history":[{"count":1,"href":"https:\/\/antonini.psc.br\/index.php?rest_route=\/wp\/v2\/posts\/4926\/revisions"}],"predecessor-version":[{"id":27976,"href":"https:\/\/antonini.psc.br\/index.php?rest_route=\/wp\/v2\/posts\/4926\/revisions\/27976"}],"wp:attachment":[{"href":"https:\/\/antonini.psc.br\/index.php?rest_route=%2Fwp%2Fv2%2Fmedia&parent=4926"}],"wp:term":[{"taxonomy":"category","embeddable":true,"href":"https:\/\/antonini.psc.br\/index.php?rest_route=%2Fwp%2Fv2%2Fcategories&post=4926"},{"taxonomy":"post_tag","embeddable":true,"href":"https:\/\/antonini.psc.br\/index.php?rest_route=%2Fwp%2Fv2%2Ftags&post=4926"}],"curies":[{"name":"wp","href":"https:\/\/api.w.org\/{rel}","templated":true}]}}