{"id":5060,"date":"2009-07-07T20:49:35","date_gmt":"2009-07-07T20:49:35","guid":{"rendered":"http:\/\/antonini.med.br\/blog\/?p=5060"},"modified":"2022-02-15T03:28:41","modified_gmt":"2022-02-15T03:28:41","slug":"o-poste-com-dois-bracos","status":"publish","type":"post","link":"https:\/\/antonini.psc.br\/?p=5060","title":{"rendered":"O poste com dois bra\u00e7os"},"content":{"rendered":"<p style=\"text-align: justify;\">Mais um exemplo da confus\u00e3o entre o p\u00fablico e o privado, desta feita o beneficiado \u00e9 o Deputado Estadual do PR Nelson Justos!<!--more--><\/p>\n<p style=\"text-align: justify;\"><strong>Isso acontece em Guaratuba, no litoral do Estado do Paran\u00e1.<\/strong><\/p>\n<p>[singlepic id=910 w=320 h=240 float=center]<\/p>\n<p style=\"text-align: center;\">Clique para ampliar<\/p>\n<p style=\"text-align: justify;\">Conversando com um cidad\u00e3o aqui de Guaratuba, tamb\u00e9m justiceiro, tipo o Fanchin que tamb\u00e9m n\u00e3o deixa por menos, esse senhor me disse o seguinte: (referente ao poste com dois bra\u00e7os).<\/p>\n<p style=\"text-align: justify;\">O primeiro bra\u00e7o ( n\u00ba 1) com a respectiva l\u00e2mpada foram colocados pela prefeitura para o lado da resid\u00eancia, dessa forma iluminando a cal\u00e7ada e o quintal da mesma, sendo que deveria estar colocado para o lado da rua.<\/p>\n<p style=\"text-align: justify;\">O cidad\u00e3o indagou ao propriet\u00e1rio o porqu\u00ea daquilo, j\u00e1 que todos os bra\u00e7os que conhecemos est\u00e3o virados para as vias p\u00fablicas.<\/p>\n<p style=\"text-align: justify;\">O propriet\u00e1rio n\u00e3o gostou da indaga\u00e7\u00e3o, disse ao senhor que ele n\u00e3o tinha nada com isso e\u00a0 pediu para o seguran\u00e7a mandar o cidad\u00e3o cair fora.<\/p>\n<p style=\"text-align: justify;\">N\u00e3o se conformando, o nobre senhor disse que iria comunicar a imprensa para fotografar e relatar a situa\u00e7\u00e3o.<\/p>\n<p style=\"text-align: justify;\">Diante disso, a prefeitura foi acionada e imediatamente tomou as devidas provid\u00eancias.<\/p>\n<p style=\"text-align: justify;\">S\u00f3 que n\u00e3o trocou o bra\u00e7o para o lado da rua como era de se esperar e seria a atitude correta, mas sim colocou mais um bra\u00e7o, o de n\u00b0 2 para iluminar a rua.<\/p>\n<p style=\"text-align: justify;\">Sendo assim o n\u00b0 1 ilumina a casa e o n\u00b0 2 ilumina a rua. Maravilha!<\/p>\n<p style=\"text-align: justify;\">Duvido que um de n\u00f3s reles mortais consiga uma fa\u00e7anha dessas.<\/p>\n<p style=\"text-align: justify;\">Pergunta:<\/p>\n<p style=\"text-align: justify;\">Sabem os amigos de quem \u00e9 a casa?<\/p>\n<p style=\"text-align: justify;\">Vou dar uma dica.<\/p>\n<p style=\"text-align: justify;\">Ele \u00e9 o deputado estadual Nelson Justus (DEM), presidente da Assembl\u00e9ia Legislativa do Paran\u00e1 e cunhado da atual prefeita Evani Justus (PSDB).<\/p>\n<p style=\"text-align: justify;\">Por que ser\u00e1 que a Copel atendeu fora do padr\u00e3o?<\/p>\n<p style=\"text-align: center;\">[<a href=\"javascript:history.go(-1)\">Voltar<\/a>]<\/p>\n<p style=\"text-align: justify;\">\n","protected":false},"excerpt":{"rendered":"<p>Mais um exemplo da confus\u00e3o entre o p\u00fablico e o privado, desta feita o beneficiado \u00e9 o Deputado Estadual do PR Nelson Justos!<\/p>\n","protected":false},"author":1,"featured_media":0,"comment_status":"open","ping_status":"open","sticky":false,"template":"","format":"standard","meta":{"footnotes":""},"categories":[27],"tags":[],"class_list":["post-5060","post","type-post","status-publish","format-standard","hentry","category-noticias"],"_links":{"self":[{"href":"https:\/\/antonini.psc.br\/index.php?rest_route=\/wp\/v2\/posts\/5060","targetHints":{"allow":["GET"]}}],"collection":[{"href":"https:\/\/antonini.psc.br\/index.php?rest_route=\/wp\/v2\/posts"}],"about":[{"href":"https:\/\/antonini.psc.br\/index.php?rest_route=\/wp\/v2\/types\/post"}],"author":[{"embeddable":true,"href":"https:\/\/antonini.psc.br\/index.php?rest_route=\/wp\/v2\/users\/1"}],"replies":[{"embeddable":true,"href":"https:\/\/antonini.psc.br\/index.php?rest_route=%2Fwp%2Fv2%2Fcomments&post=5060"}],"version-history":[{"count":1,"href":"https:\/\/antonini.psc.br\/index.php?rest_route=\/wp\/v2\/posts\/5060\/revisions"}],"predecessor-version":[{"id":27327,"href":"https:\/\/antonini.psc.br\/index.php?rest_route=\/wp\/v2\/posts\/5060\/revisions\/27327"}],"wp:attachment":[{"href":"https:\/\/antonini.psc.br\/index.php?rest_route=%2Fwp%2Fv2%2Fmedia&parent=5060"}],"wp:term":[{"taxonomy":"category","embeddable":true,"href":"https:\/\/antonini.psc.br\/index.php?rest_route=%2Fwp%2Fv2%2Fcategories&post=5060"},{"taxonomy":"post_tag","embeddable":true,"href":"https:\/\/antonini.psc.br\/index.php?rest_route=%2Fwp%2Fv2%2Ftags&post=5060"}],"curies":[{"name":"wp","href":"https:\/\/api.w.org\/{rel}","templated":true}]}}