{"id":5204,"date":"2009-07-17T12:05:36","date_gmt":"2009-07-17T15:05:36","guid":{"rendered":"http:\/\/antonini.med.br\/blog\/?p=5204"},"modified":"2022-02-15T03:28:41","modified_gmt":"2022-02-15T03:28:41","slug":"granulopoiese","status":"publish","type":"post","link":"https:\/\/antonini.psc.br\/?p=5204","title":{"rendered":"Granulopoiese"},"content":{"rendered":"<p>Desenvolvimento dos leuc\u00f3citos (tamb\u00e9m chamados de leuc\u00f3citos) dentro da medula \u00f3ssea.<!--more--><\/p>\n<p style=\"text-align: justify;\">1. As c\u00e9lulas precursoras dos granul\u00f3citos na medula \u00f3ssea.<\/p>\n<p style=\"text-align: justify;\">1.1. <strong>Mieloblastos<\/strong>: essa \u00e9 a forma mais imatura dos granul\u00f3citos. Aparece esparsamente na medula \u00f3ssea e t\u00eam di\u00e2metro celular ligeiramente menor que os proeritroblastos. Os mieloblastos existem em diversas formas celulares, e tem um n\u00facleo que \u00e9 frequentemente oval e ligeiramente recuado em um dos lados. A cromatina \u00e9 fina, nitidamente unida a filamentos transparentes. Os nucl\u00e9olos (de 2 a 5), que podem se coalescer, s\u00e3o claramente vis\u00edveis. O citoplasma \u00e9 pequeno e moderadamente ou fracamente basof\u00edlico, e cont\u00e9m uma zona clara perinuclear.<\/p>\n<p style=\"text-align: justify;\">Existem basicamente dois tipos:<\/p>\n<p style=\"text-align: justify;\">1.1.1. Tipo I: sem granula\u00e7\u00f5es e tipo II, com granula\u00e7\u00f5es incipientes.<\/p>\n<p style=\"text-align: justify;\">1.2 <strong>Promiel\u00f3citos.<\/strong> Um grupo de c\u00e9lulas que consistem de diversos elementos que variam particularmente em sua rela\u00e7\u00e3o n\u00facleo- Citoplasma e em seus graus de granula\u00e7\u00e3o. Algumas caracter\u00edsticas comuns dos promiel\u00f3citos s\u00e3o a forma ovalada do n\u00facleo, frequentes mente achatados ou recusados em um dos lados das c\u00e9lulas (em forma de rim); cromatina mediamente densa \u00e9 reticula\u00e7\u00f5es heterog\u00eaneas. Os nucl\u00e9olos s\u00e3o frequentemente vis\u00edveis. O citoplasma \u00e9 azul-claro m\u00e9dio, com pequenas zonas e formas irregulares nas proximidades do n\u00facleo, e cont\u00e9m gr\u00e2nulos azur\u00f3filos.<\/p>\n<p style=\"text-align: justify;\">1.3 <strong>Promiel\u00f3citos jovem<\/strong>: esse \u00e9 o tipo de c\u00e9lula imatura mais frequente na granulopoiese. A forma mais velha ainda mostra uma estreita rela\u00e7\u00e3o morfol\u00f3gica com o mieloblasto. Frequentes mente o n\u00facleo cont\u00e9m nucl\u00e9olos vis\u00edveis e o citoplasma mostra claramente alguns gr\u00e2nulos azur\u00f3filos. Com desenvolvimento completo do promiel\u00f3cito jovem \u00e9 o maior das c\u00e9lulas da s\u00e9rie granuloc\u00edtica, devido ao aumento no tamanho do citoplasma que cont\u00e9m muitas granula\u00e7\u00f5es azur\u00f3filas. Ocasionalmente fragmentos plasm\u00e1ticos com granula\u00e7\u00f5es t\u00edpicas s\u00e3o vis\u00edveis.<\/p>\n<p style=\"text-align: justify;\">C\u00e9lulas formadas por divis\u00e3o durante a matura\u00e7\u00e3o.<\/p>\n<p style=\"text-align: justify;\">1.4 <strong>Promiel\u00f3citos tardio<\/strong> ou <strong>miel\u00f3cito imaturo<\/strong>: essas c\u00e9lulas possuem um di\u00e2metro menor, poucos nucl\u00e9olos, citoplasma menos bas\u00f3filo e menos granula\u00e7\u00f5es azur\u00f3filas que os promiel\u00f3citos jovens. Ocasionalmente come\u00e7am a assumir a colora\u00e7\u00e3o dos miel\u00f3citos.<\/p>\n<p style=\"text-align: justify;\">1.5 <strong>Miel\u00f3citos neutr\u00f3filos <\/strong>(primeira evid\u00eancia de granula\u00e7\u00f5es espec\u00edficas): os neutr\u00f3filos mostram uma diminui\u00e7\u00e3o no di\u00e2metro celular e no tamanho do n\u00facleo. A estrutura da cromatina torna-se mais grossa e os nucl\u00e9olos s\u00e3o raramente vis\u00edveis. As c\u00e9lulas mostram as primeiras apar\u00eancias de granula\u00e7\u00f5es espec\u00edficas e violeta-amarronadas claras (neutrof\u00edlicos), tomando o lugar das granula\u00e7\u00f5es azur\u00f3filas encontradas nos promiel\u00f3citos. O citoplasma n\u00e3o \u00e9 mais basof\u00edlico e assume uma cor cinza claro ou castanho-amarronado. Tamb\u00e9m se destaca um ponto claro na \u00e1rea nuclear.<\/p>\n<p style=\"text-align: justify;\">Fim das divis\u00f5es de matura\u00e7\u00e3o.<\/p>\n<p style=\"text-align: justify;\">O desenvolvimento das c\u00e9lulas ainda se faz por matura\u00e7\u00e3o do n\u00facleo.<\/p>\n<p style=\"text-align: justify;\">1.6 <strong>Metamiel\u00f3cito neutr\u00f3filo<\/strong>: o n\u00facleo das c\u00e9lulas assume forma de feij\u00e3o ou rim e a cromatina \u00e9 grossamente compactada em manchas nos polos celulares. O Citoplasma \u00e9 parecido com o visto no miel\u00f3cito neutr\u00f3filo, mas sem a centrosfera.<\/p>\n<p style=\"text-align: center;\"><img loading=\"lazy\" decoding=\"async\" class=\"aligncenter wp-image-30449 size-medium\" src=\"http:\/\/antonini.com.br\/wp-content\/uploads\/2009\/07\/6a-267x300.jpg\" alt=\"\" width=\"267\" height=\"300\" srcset=\"https:\/\/antonini.psc.br\/wp-content\/uploads\/2009\/07\/6a-267x300.jpg 267w, https:\/\/antonini.psc.br\/wp-content\/uploads\/2009\/07\/6a.jpg 576w\" sizes=\"auto, (max-width: 267px) 100vw, 267px\" \/><\/p>\n<p style=\"text-align: center;\"><em>Mieloblasto da medula \u00f3ssea normal tipo I<\/em><\/p>\n<p style=\"text-align: center;\"><img loading=\"lazy\" decoding=\"async\" class=\"aligncenter wp-image-30450 size-medium\" src=\"http:\/\/antonini.com.br\/wp-content\/uploads\/2009\/07\/6b-269x300.jpg\" alt=\"\" width=\"269\" height=\"300\" srcset=\"https:\/\/antonini.psc.br\/wp-content\/uploads\/2009\/07\/6b-269x300.jpg 269w, https:\/\/antonini.psc.br\/wp-content\/uploads\/2009\/07\/6b.jpg 567w\" sizes=\"auto, (max-width: 269px) 100vw, 269px\" \/><\/p>\n<p style=\"text-align: center;\"><em>Mieloblasto da medula \u00f3ssea normal tipo I<\/em><\/p>\n<p style=\"text-align: center;\"><img loading=\"lazy\" decoding=\"async\" class=\"aligncenter wp-image-30451 size-medium\" src=\"http:\/\/antonini.com.br\/wp-content\/uploads\/2009\/07\/6c-269x300.jpg\" alt=\"\" width=\"269\" height=\"300\" srcset=\"https:\/\/antonini.psc.br\/wp-content\/uploads\/2009\/07\/6c-269x300.jpg 269w, https:\/\/antonini.psc.br\/wp-content\/uploads\/2009\/07\/6c.jpg 567w\" sizes=\"auto, (max-width: 269px) 100vw, 269px\" \/><\/p>\n<p style=\"text-align: center;\"><em>Mieloblasto da medula \u00f3ssea normal tipo I<\/em><\/p>\n<p style=\"text-align: center;\"><img loading=\"lazy\" decoding=\"async\" class=\"aligncenter wp-image-30452 size-medium\" src=\"http:\/\/antonini.com.br\/wp-content\/uploads\/2009\/07\/6d-267x300.jpg\" alt=\"\" width=\"267\" height=\"300\" srcset=\"https:\/\/antonini.psc.br\/wp-content\/uploads\/2009\/07\/6d-267x300.jpg 267w, https:\/\/antonini.psc.br\/wp-content\/uploads\/2009\/07\/6d.jpg 575w\" sizes=\"auto, (max-width: 267px) 100vw, 267px\" \/><\/p>\n<p style=\"text-align: center;\"><em>Mieloblasto da medula \u00f3ssea normal tipo II<\/em><\/p>\n<p style=\"text-align: center;\"><img loading=\"lazy\" decoding=\"async\" class=\"aligncenter wp-image-30453 size-medium\" src=\"http:\/\/antonini.com.br\/wp-content\/uploads\/2009\/07\/7a-263x300.jpg\" alt=\"\" width=\"263\" height=\"300\" srcset=\"https:\/\/antonini.psc.br\/wp-content\/uploads\/2009\/07\/7a-263x300.jpg 263w, https:\/\/antonini.psc.br\/wp-content\/uploads\/2009\/07\/7a.jpg 561w\" sizes=\"auto, (max-width: 263px) 100vw, 263px\" \/><\/p>\n<p style=\"text-align: center;\"><em>Promiel\u00f3cito<\/em><\/p>\n<p style=\"text-align: center;\"><img loading=\"lazy\" decoding=\"async\" class=\"aligncenter wp-image-30454 size-medium\" src=\"http:\/\/antonini.com.br\/wp-content\/uploads\/2009\/07\/7b-269x300.jpg\" alt=\"\" width=\"269\" height=\"300\" srcset=\"https:\/\/antonini.psc.br\/wp-content\/uploads\/2009\/07\/7b-269x300.jpg 269w, https:\/\/antonini.psc.br\/wp-content\/uploads\/2009\/07\/7b.jpg 567w\" sizes=\"auto, (max-width: 269px) 100vw, 269px\" \/><\/p>\n<p style=\"text-align: center;\"><em>Promiel\u00f3cito com pouca granula\u00e7\u00e3o azur\u00f3fila<\/em><\/p>\n<p style=\"text-align: center;\"><img loading=\"lazy\" decoding=\"async\" class=\"aligncenter wp-image-30455 size-medium\" src=\"http:\/\/antonini.com.br\/wp-content\/uploads\/2009\/07\/7c-267x300.jpg\" alt=\"\" width=\"267\" height=\"300\" srcset=\"https:\/\/antonini.psc.br\/wp-content\/uploads\/2009\/07\/7c-267x300.jpg 267w, https:\/\/antonini.psc.br\/wp-content\/uploads\/2009\/07\/7c.jpg 557w\" sizes=\"auto, (max-width: 267px) 100vw, 267px\" \/><\/p>\n<p style=\"text-align: center;\"><em>Promiel\u00f3cito tardio com granulos citoplasm\u00e1ticos proeminentes<\/em><\/p>\n<p style=\"text-align: center;\"><img loading=\"lazy\" decoding=\"async\" class=\"aligncenter wp-image-30456 size-medium\" src=\"http:\/\/antonini.com.br\/wp-content\/uploads\/2009\/07\/7d-257x300.jpg\" alt=\"\" width=\"257\" height=\"300\" srcset=\"https:\/\/antonini.psc.br\/wp-content\/uploads\/2009\/07\/7d-257x300.jpg 257w, https:\/\/antonini.psc.br\/wp-content\/uploads\/2009\/07\/7d.jpg 549w\" sizes=\"auto, (max-width: 257px) 100vw, 257px\" \/><\/p>\n<p style=\"text-align: center;\"><em>Promiel\u00f3cito tardio com granulos citoplasm\u00e1ticos mais intensos<\/em><\/p>\n<p style=\"text-align: center;\"><img loading=\"lazy\" decoding=\"async\" class=\"aligncenter wp-image-30458 size-medium\" src=\"http:\/\/antonini.com.br\/wp-content\/uploads\/2009\/07\/8a-300x223.jpg\" alt=\"\" width=\"300\" height=\"223\" srcset=\"https:\/\/antonini.psc.br\/wp-content\/uploads\/2009\/07\/8a-300x223.jpg 300w, https:\/\/antonini.psc.br\/wp-content\/uploads\/2009\/07\/8a-768x571.jpg 768w, https:\/\/antonini.psc.br\/wp-content\/uploads\/2009\/07\/8a-403x300.jpg 403w, https:\/\/antonini.psc.br\/wp-content\/uploads\/2009\/07\/8a.jpg 867w\" sizes=\"auto, (max-width: 300px) 100vw, 300px\" \/><\/p>\n<p style=\"text-align: center;\"><em>Promiel\u00f3cito tardio<\/em><\/p>\n<p style=\"text-align: center;\"><img loading=\"lazy\" decoding=\"async\" class=\"aligncenter wp-image-30459 size-medium\" src=\"http:\/\/antonini.com.br\/wp-content\/uploads\/2009\/07\/8b-189x300.jpg\" alt=\"\" width=\"189\" height=\"300\" srcset=\"https:\/\/antonini.psc.br\/wp-content\/uploads\/2009\/07\/8b-189x300.jpg 189w, https:\/\/antonini.psc.br\/wp-content\/uploads\/2009\/07\/8b.jpg 420w\" sizes=\"auto, (max-width: 189px) 100vw, 189px\" \/><\/p>\n<p style=\"text-align: justify;\"><em>Promiel\u00f3cito, miel\u00f3cito neutr\u00f3filo (flecha), tr\u00eas neutr\u00f3filos metamiel\u00f3citos, <\/em><em>uma faixa de c\u00e9lulas, e um normoblasto (canto inferior esquerdo)<\/em><\/p>\n<p style=\"text-align: center;\"><img loading=\"lazy\" decoding=\"async\" class=\"aligncenter wp-image-30460 size-medium\" src=\"http:\/\/antonini.com.br\/wp-content\/uploads\/2009\/07\/8c-300x220.jpg\" alt=\"\" width=\"300\" height=\"220\" srcset=\"https:\/\/antonini.psc.br\/wp-content\/uploads\/2009\/07\/8c-300x220.jpg 300w, https:\/\/antonini.psc.br\/wp-content\/uploads\/2009\/07\/8c-768x563.jpg 768w, https:\/\/antonini.psc.br\/wp-content\/uploads\/2009\/07\/8c-409x300.jpg 409w, https:\/\/antonini.psc.br\/wp-content\/uploads\/2009\/07\/8c.jpg 869w\" sizes=\"auto, (max-width: 300px) 100vw, 300px\" \/><\/p>\n<p style=\"text-align: center;\"><em>Duas faixas de neutr\u00f3filos e dois segmentados<\/em><\/p>\n<p style=\"text-align: center;\"><em><img loading=\"lazy\" decoding=\"async\" class=\"aligncenter wp-image-30461 size-medium\" src=\"http:\/\/antonini.com.br\/wp-content\/uploads\/2009\/07\/9-273x300.jpg\" alt=\"\" width=\"273\" height=\"300\" srcset=\"https:\/\/antonini.psc.br\/wp-content\/uploads\/2009\/07\/9-273x300.jpg 273w, https:\/\/antonini.psc.br\/wp-content\/uploads\/2009\/07\/9.jpg 549w\" sizes=\"auto, (max-width: 273px) 100vw, 273px\" \/><\/em><\/p>\n<p style=\"text-align: justify;\"><em>Granulopoiese normal em medula \u00f3ssea (X 750). 1. Mieloblasto. 2. Promiel\u00f3cito jovem. 3. Promiel\u00f3cito maduro. 4. Miel\u00f3cito neutr\u00f3filo. 5. Metamiel\u00f3cito neutr\u00f3filo. 6. C\u00e9lula de transi\u00e7\u00e3o. 7. Forma eosinof\u00edlica. X. Artefatos e debris nucelares. Clique para ampliar.<br \/>\n<\/em><\/p>\n<p style=\"text-align: center;\">[<a href=\"javascript:history.go(-1)\">Voltar<\/a>]<\/p>\n","protected":false},"excerpt":{"rendered":"<p>Desenvolvimento dos leuc\u00f3citos (tamb\u00e9m chamados de leuc\u00f3citos) dentro da medula \u00f3ssea.<\/p>\n","protected":false},"author":1,"featured_media":0,"comment_status":"open","ping_status":"open","sticky":false,"template":"","format":"standard","meta":{"footnotes":""},"categories":[77],"tags":[],"class_list":["post-5204","post","type-post","status-publish","format-standard","hentry","category-hematologia"],"_links":{"self":[{"href":"https:\/\/antonini.psc.br\/index.php?rest_route=\/wp\/v2\/posts\/5204","targetHints":{"allow":["GET"]}}],"collection":[{"href":"https:\/\/antonini.psc.br\/index.php?rest_route=\/wp\/v2\/posts"}],"about":[{"href":"https:\/\/antonini.psc.br\/index.php?rest_route=\/wp\/v2\/types\/post"}],"author":[{"embeddable":true,"href":"https:\/\/antonini.psc.br\/index.php?rest_route=\/wp\/v2\/users\/1"}],"replies":[{"embeddable":true,"href":"https:\/\/antonini.psc.br\/index.php?rest_route=%2Fwp%2Fv2%2Fcomments&post=5204"}],"version-history":[{"count":15,"href":"https:\/\/antonini.psc.br\/index.php?rest_route=\/wp\/v2\/posts\/5204\/revisions"}],"predecessor-version":[{"id":30465,"href":"https:\/\/antonini.psc.br\/index.php?rest_route=\/wp\/v2\/posts\/5204\/revisions\/30465"}],"wp:attachment":[{"href":"https:\/\/antonini.psc.br\/index.php?rest_route=%2Fwp%2Fv2%2Fmedia&parent=5204"}],"wp:term":[{"taxonomy":"category","embeddable":true,"href":"https:\/\/antonini.psc.br\/index.php?rest_route=%2Fwp%2Fv2%2Fcategories&post=5204"},{"taxonomy":"post_tag","embeddable":true,"href":"https:\/\/antonini.psc.br\/index.php?rest_route=%2Fwp%2Fv2%2Ftags&post=5204"}],"curies":[{"name":"wp","href":"https:\/\/api.w.org\/{rel}","templated":true}]}}