{"id":521,"date":"2008-10-19T22:32:44","date_gmt":"2008-10-20T01:32:44","guid":{"rendered":"http:\/\/www.antonini.med.br\/blog\/?p=9"},"modified":"2022-02-15T03:29:59","modified_gmt":"2022-02-15T03:29:59","slug":"o-caduceu","status":"publish","type":"post","link":"https:\/\/antonini.psc.br\/?p=521","title":{"rendered":"O Caduceu"},"content":{"rendered":"<div id=\"attachment_15836\" style=\"width: 186px\" class=\"wp-caption alignleft\"><img loading=\"lazy\" decoding=\"async\" aria-describedby=\"caption-attachment-15836\" class=\" wp-image-15836 \" title=\"O Caduceu\" alt=\"O Caduceu\" src=\"http:\/\/cienciasdasaude.med.br\/blog\/wp-content\/uploads\/2011\/10\/caduceu-1.jpg\" width=\"176\" height=\"183\" \/><p id=\"caption-attachment-15836\" class=\"wp-caption-text\">O Caduceu<\/p><\/div>\n<p style=\"text-align: justify;\">S\u00edmbolo dos alquimistas milenares, muitos acreditam que ele foi idealizado pelo homem pr\u00e9-hist\u00f3rico durante o per\u00edodo neol\u00edtico, mas os primeiros registros hist\u00f3ricos de seu aparecimento est\u00e3o associados aos Sum\u00e9rios antigos.<\/p>\n<p>&nbsp;<\/p>\n<div>\n<div>\n<div style=\"text-align: justify;\">Quando da cria\u00e7\u00e3o da &#8220;medicina&#8221;, em 1240 d.C., ele foi associado intencionalmente ao deus grego Ascl\u00e9pio (que \u00e9 o patrono grego da alquimia) e designado como s\u00edmbolo privativo dos &#8220;m\u00e9dicos&#8221;, mas o s\u00edmbolo escolhido pelos m\u00e9dicos modernos \u00e9 o <a href=\"?p=15314\">Bast\u00e3o de Escul\u00e1pio<\/a><\/div>\n<p style=\"text-align: justify;\">\n<\/div>\n<\/div>\n<p style=\"text-align: center;\">[<a href=\"javascript:history.go(-1)\">Voltar<\/a>]<\/p>\n","protected":false},"excerpt":{"rendered":"<p>S\u00edmbolo dos alquimistas milenares, muitos acreditam que ele foi idealizado pelo homem pr\u00e9-hist\u00f3rico durante o per\u00edodo neol\u00edtico, mas os primeiros registros hist\u00f3ricos de seu aparecimento est\u00e3o associados aos Sum\u00e9rios antigos. &nbsp; Quando da cria\u00e7\u00e3o da &#8220;medicina&#8221;, em 1240 d.C., ele foi associado intencionalmente ao deus grego Ascl\u00e9pio (que \u00e9 o patrono grego da alquimia) e [&hellip;]<\/p>\n","protected":false},"author":1,"featured_media":0,"comment_status":"open","ping_status":"open","sticky":false,"template":"","format":"standard","meta":{"footnotes":""},"categories":[21],"tags":[],"class_list":["post-521","post","type-post","status-publish","format-standard","hentry","category-h-p"],"_links":{"self":[{"href":"https:\/\/antonini.psc.br\/index.php?rest_route=\/wp\/v2\/posts\/521","targetHints":{"allow":["GET"]}}],"collection":[{"href":"https:\/\/antonini.psc.br\/index.php?rest_route=\/wp\/v2\/posts"}],"about":[{"href":"https:\/\/antonini.psc.br\/index.php?rest_route=\/wp\/v2\/types\/post"}],"author":[{"embeddable":true,"href":"https:\/\/antonini.psc.br\/index.php?rest_route=\/wp\/v2\/users\/1"}],"replies":[{"embeddable":true,"href":"https:\/\/antonini.psc.br\/index.php?rest_route=%2Fwp%2Fv2%2Fcomments&post=521"}],"version-history":[{"count":1,"href":"https:\/\/antonini.psc.br\/index.php?rest_route=\/wp\/v2\/posts\/521\/revisions"}],"predecessor-version":[{"id":28171,"href":"https:\/\/antonini.psc.br\/index.php?rest_route=\/wp\/v2\/posts\/521\/revisions\/28171"}],"wp:attachment":[{"href":"https:\/\/antonini.psc.br\/index.php?rest_route=%2Fwp%2Fv2%2Fmedia&parent=521"}],"wp:term":[{"taxonomy":"category","embeddable":true,"href":"https:\/\/antonini.psc.br\/index.php?rest_route=%2Fwp%2Fv2%2Fcategories&post=521"},{"taxonomy":"post_tag","embeddable":true,"href":"https:\/\/antonini.psc.br\/index.php?rest_route=%2Fwp%2Fv2%2Ftags&post=521"}],"curies":[{"name":"wp","href":"https:\/\/api.w.org\/{rel}","templated":true}]}}