{"id":5268,"date":"2009-07-20T21:35:58","date_gmt":"2009-07-20T21:35:58","guid":{"rendered":"http:\/\/antonini.med.br\/blog\/?p=5268"},"modified":"2022-02-15T03:28:41","modified_gmt":"2022-02-15T03:28:41","slug":"policia-paraibana-indicia-agricultor-por-engravidar-a-enteada-de-10-anos","status":"publish","type":"post","link":"https:\/\/antonini.psc.br\/?p=5268","title":{"rendered":"Pol\u00edcia paraibana indicia agricultor por engravidar a enteada de 10 anos"},"content":{"rendered":"<p style=\"text-align: justify;\">At\u00e9 onde chega a promiscuidade e a falta de educa\u00e7\u00e3o b\u00e1sica e de qualidade. Esta not\u00edcia \u00e9 antiga, publicada em 2005, mas \u00e9 sempre atual, pois \u00e9 um problema que resolver-se-\u00e1 apenas com educa\u00e7\u00e3o e melhores condi\u00e7\u00f5es de vida do povo. Acordem pol\u00edticos canhalhas e governantes corruptos. O povo brasileiro est\u00e1 abandonado e se destruindo na corrup\u00e7\u00e3o moral e de costumes, gra\u00e7as ao exemplo podre que voc\u00eas d\u00e3o.<!--more--><\/p>\n<p>Publicado em 13.07.2005<\/p>\n<div id=\"Se\u00e7\u00e3o1\" dir=\"ltr\">\n<p align=\"justify\">\u201cLila \tvai ter uma menina. \u00c9 de pai.\u201d Essa frase \u00e9 de \tuma garotinha de 3 anos, moradora da \u00e1rea rural de Bel\u00e9m, \tuma pequena cidade do Agreste paraibano, irm\u00e3 de Maria \tL\u00edlian, 10 anos, gr\u00e1vida de sete meses do padrasto. \tConfirmando as pesquisas sobre o assunto, que apontam pais, \tpadrastos e parentes pr\u00f3ximos como respons\u00e1veis por \t70% dos abusos contra crian\u00e7as e adolescentes, Maria L\u00edlian \tfoi seduzida pelo trabalhador rural Manoel, 29, marido da m\u00e3e \tdela h\u00e1 sete anos, em setembro do ano passado. Passou a \tmanter rela\u00e7\u00f5es sexuais com o padrasto em casa. Em \tdezembro, um m\u00eas ap\u00f3s ter menstruado pela primeira vez, \tficou gr\u00e1vida.<\/p>\n<p align=\"justify\">O \tcaso s\u00f3 chegou ao conhecimento das autoridades paraibanas no \tfim de maio deste ano, quando Maria L\u00edlian se dirigiu ao \tHospital de Bel\u00e9m por n\u00e3o estar se sentindo bem. O \tm\u00e9dico de plant\u00e3o determinou a realiza\u00e7\u00e3o \tde uma ultra-sonografia e confirmou que a menina estava gr\u00e1vida \thavia seis meses. O caso foi levado ao conhecimento do Minist\u00e9rio \tP\u00fablico da Para\u00edba, que determinou a abertura de \tinqu\u00e9rito. \u201cFiquei chocado. Tenho uma filha de 10 anos \te ela ainda brinca de boneca\u201d, diz o promotor de Bel\u00e9m, \tJo\u00e3o An\u00edsio Chaves Neto.<\/p>\n<p align=\"justify\">A \tdelegada Viviane Magalh\u00e3es indiciou o trabalhador rural por \testupro e pediu a pris\u00e3o tempor\u00e1ria do acusado. A m\u00e3e \tda menina, Jucileide, 32, tamb\u00e9m foi responsabilizada. \t\u201cApesar de n\u00e3o ter for\u00e7ado a menina, o acusado \tcometeu crime de estupro. A m\u00e3e tinha conhecimento do que \testava acontecendo e n\u00e3o fez nada para proteger a filha \tporque dependia financeiramente do companheiro\u201d, ressalta a \tdelegada.<\/p>\n<p align=\"justify\">No dia 1\u00ba de junho, o JC esteve em Bel\u00e9m-PB, para conhecer a hist\u00f3ria de Maria L\u00edlian, 10 anos, gr\u00e1vida de seis meses do padrasto, de 29 anos. Ao chegar \u00e0 cidade, a menina foi localizada na cadeia p\u00fablica. Tinha ido visitar o acusado. \u201cQuero casar com ele\u201d, afirmou a garota.<\/p>\n<div id=\"corpo\" dir=\"ltr\">\n<p align=\"justify\"><strong>JORNAL \tDO COMMERCIO<\/strong> \u2013 Quando voc\u00ea descobriu que estava \tgr\u00e1vida?<\/p>\n<p align=\"justify\"><strong>MARIA \tL\u00cdLIAN<\/strong> \u2013 <em>Foi quando eu estava com dois meses. \tPensei que era anemia e fui ao m\u00e9dico com uma amiga que mora \tna rua (Centro da cidade). Fizeram um exame e fiquei sabendo.<\/em><\/p>\n<p align=\"justify\"><strong>JC <\/strong>\u2013 E voc\u00ea contou para a sua m\u00e3e?<\/p>\n<p align=\"justify\"><strong>L\u00cdLIAN <\/strong>\u2013 <em>N\u00e3o. S\u00f3 contei para Manoel.<\/em><\/p>\n<p align=\"justify\"><strong>JC <\/strong>\u2013 E o que ele disse?<\/p>\n<p align=\"justify\"><strong>L\u00cdLIAN <\/strong>\u2013 <em>Nada. S\u00f3 que a gente ia ficar junto.<\/em><\/p>\n<p align=\"justify\"><strong>JC <\/strong>\u2013 Manoel for\u00e7ou voc\u00ea a fazer sexo com ele?<\/p>\n<p align=\"justify\"><strong>L\u00cdLIAN <\/strong>\u2013 <em>N\u00e3o. Do mesmo jeito que ele quis, eu quis.<\/em><\/p>\n<p align=\"justify\"><strong>JC <\/strong>\u2013 Quando voc\u00ea come\u00e7ou a se relacionar com o seu \tpadrasto?<\/p>\n<p align=\"justify\"><strong>L\u00cdLIAN <\/strong>\u2013 <em>N\u00e3o sei, faz tempo. Desde o ano passado.<\/em><\/p>\n<p align=\"justify\"><strong>JC <\/strong>\u2013 Voc\u00ea n\u00e3o achou errado manter essa rela\u00e7\u00e3o \tcom o marido da sua m\u00e3e e pai dos seus dois irm\u00e3os?<\/p>\n<p align=\"justify\"><strong>L\u00cdLIAN <\/strong>\u2013 <em>Ele e a minha m\u00e3e n\u00e3o tinham mais nada. A \tgente s\u00f3 morava tudo junto.<\/em><\/p>\n<p align=\"justify\"><strong>JC <\/strong>\u2013 A pol\u00edcia diz que a sua m\u00e3e sabia de tudo e \tpermitia que voc\u00ea se relacionasse com seu padrasto porque n\u00e3o \ttinha para onde ir com os filhos. Isso \u00e9 verdade?<\/p>\n<p align=\"justify\"><strong>L\u00cdLIAN <\/strong>\u2013 <em>\u00c9 n\u00e3o. M\u00e3e n\u00e3o sabia de nada. \tA gente s\u00f3 ficava junto quando ela n\u00e3o estava. Ela \tvinha muito para a casa da minha av\u00f3 porque tem \tproblema de alergia e precisava ficar indo para a rua ver o m\u00e9dico.<\/em><\/p>\n<p align=\"justify\"><strong>JC <\/strong>\u2013 Voc\u00ea j\u00e1 teve namorado?<\/p>\n<p align=\"justify\"><strong>L\u00cdLIAN <\/strong>\u2013 <em>N\u00e3o.<\/em><\/p>\n<p align=\"justify\"><strong>JC <\/strong>\u2013 Onde voc\u00ea estava antes?<\/p>\n<p align=\"justify\"><strong>L\u00cdLIAN <\/strong>\u2013 <em>No pres\u00eddio. Fui levar bolacha e fumo para ele.<\/em><\/p>\n<p align=\"justify\"><strong>JC <\/strong>\u2013 Seu padrasto cometeu um crime. Ele engravidou voc\u00ea, \tuma menina de 10 anos. Por isso, ele est\u00e1 preso.<\/p>\n<p align=\"justify\"><strong>L\u00cdLIAN <\/strong>\u2013 (Interrompendo) <em>Eu quero casar com ele.<\/em><\/p>\n<p align=\"justify\"><strong>JC <\/strong>\u2013 Com o seu padrasto preso,como voc\u00eas v\u00e3o se \tmanter?<\/p>\n<p align=\"justify\"><strong>L\u00cdLIAN <\/strong>\u2013 <em>N\u00e3o sei. Por enquanto, a gente vai ficar na casa \tdo meu av\u00f4.<\/em><\/p>\n<p align=\"justify\"><strong>JC <\/strong>\u2013 A sua professora disse que voc\u00ea \u00e9 uma boa aluna \te mostrou suas notas. Como voc\u00ea acha que vai ser sua vida \tdaqui para frente, com uma filha?<\/p>\n<p align=\"justify\"><strong>L\u00cdLIAN <\/strong>\u2013 <em>Vou deixar a menina com m\u00e3e e continuar na escola. \tQuero cri\u00e1-la com todo o carinho.<\/em><\/p>\n<h3><strong>Movimento do p\u00f3lo gesseiro atrai centenas de garotas para Trindade<\/strong><\/h3>\n<p align=\"justify\">Publicado em 13.07.2005<\/p>\n<div id=\"Se\u00e7\u00e3o2\" dir=\"ltr\">\n<p align=\"justify\"><a name=\"corpo1\"><\/a>Levada \tpor um tio adolescente, Sebastiana, 10 anos, moradora do munic\u00edpio \tde Trindade, no Sert\u00e3o pernambucano, passou a freq\u00fcentar \tos postos de gasolina da cidade, em dezembro do ano passado. Mesmo \ttendo sido obrigada a raspar a cabe\u00e7a recentemente por causa \tde uma infec\u00e7\u00e3o no couro cabeludo, Sebastiana fazia \tprogramas por R$ 10 com os caminhoneiros que cruzam o p\u00f3lo \tgesseiro do interior de Pernambuco. Segundo o Conselho Tutelar do \tmunic\u00edpio, cerca de 300 caminh\u00f5es trafegam pela cidade \ttodos os dias, transportando o gesso das minas e f\u00e1bricas \texistentes na regi\u00e3o.<\/p>\n<p align=\"justify\">Depois \tque o caso de Sebastiana foi denunciado ao Conselho Tutelar, a \tfam\u00edlia da menina foi avisada e a garota proibida de sair de \tcasa \u00e0 noite. H\u00e1 duas semanas, ela n\u00e3o \tfreq\u00fcenta mais o posto. O tio aliciador mudou de cidade. Na \tcasa onde vive com o pai, a m\u00e3e e dois irm\u00e3os, a \tmenina n\u00e3o tem nenhum brinquedo. A renda da fam\u00edlia \u00e9 \tde R$ 260 por m\u00eas, sal\u00e1rio do irm\u00e3o mais velho, \tque \u00e9 gari.<\/p>\n<p align=\"justify\">\u201cN\u00e3o \tvou voltar mais ao posto, n\u00e3o. Eu queria trabalhar numa casa. \tVarrer, limpar, lavar trem (lou\u00e7a)\u201d, revela Sebastiana \tenumerando seus planos. A menina sabe ler, mas abandonou a escola \tporque era v\u00edtima de chacota dos colegas. \u201cEra um bando \tde meninos perturbadores que ficavam falando porque eu tinha ferida \tna cabe\u00e7a e piolho\u201d, recorda.<\/p>\n<p align=\"justify\">Sebastiana \ttem vergonha de contar o que fazia \u00e0 noite nos postos de \tgasolina. \u201cEu entrava no caminh\u00e3o, o homem tirava a \tminha roupa e fazia as coisas.\u201d \u00c9 como ela relata o ato \ta que era submetida em troca de R$ 5, pois a outra metade do \tpagamento ficava com o tio. O dinheiro servia apenas para pagar um \tlanche. No \u00faltimo dia 28, a comida do dia na casa da fam\u00edlia \tera feij\u00e3o com farinha.<\/p>\n<p align=\"justify\">O \tpai de Sebastiana, Jos\u00e9 Ant\u00f4nio, 63 anos, garante que \tvai denunciar o cunhado \u00e0 pol\u00edcia, se ele voltar a \taliciar sua filha. \u201cA gente vive numa situa\u00e7\u00e3o \tmuito dif\u00edcil. Minha mulher \u00e9 fraca da cabe\u00e7a, \to menino mais novo tamb\u00e9m e esse meu cunhado, que \u00e9 de \tmenor, se aproveitava para levar a menina para fazer essas coisas. \tN\u00e3o vou deixar isso acontecer de novo, se ele aparecer vou \tdenunciar.\u201d<\/p>\n<\/div>\n<h3>Relat\u00f3rio do Conselho Regional de Medicina acusa caminhoneiros<\/h3>\n<p align=\"justify\">Publicado em 13.07.2005<\/p>\n<div id=\"Se\u00e7\u00e3o3\" dir=\"ltr\">\n<p align=\"justify\"><a name=\"corpo2\"><\/a>Um \trelat\u00f3rio divulgado no \u00faltimo dia 9 de junho pelo \tConselho Regional de Medicina de Pernambuco (Cremepe) reacendeu a \tdiscuss\u00e3o sobre a explora\u00e7\u00e3o sexual de crian\u00e7as \te adolescentes nas das rodovias do Estado. Uma caravana de diretores \tda entidade, que percorreu 60 munic\u00edpios com o objetivo de \tfiscalizar as condi\u00e7\u00f5es de sa\u00fade da popula\u00e7\u00e3o, \tacabou se deparando com um quadro tr\u00e1gico: meninas e meninos \tvendendo o corpo nas margens das estradas. Na maioria dos casos, \tcaminhoneiros pagam R$ 5 para fazer sexo com adolescentes, mas foram \tanotados casos extremos, como uma menina de 7 anos que praticava \tsexo oral por R$ 0,10, em Caruaru, no Agreste do Estado.<\/p>\n<p align=\"justify\">\u201cInfelizmente, \to que encontramos foi um quadro terr\u00edvel em todo o interior \tdo Estado, com rela\u00e7\u00e3o \u00e0 explora\u00e7\u00e3o \tde crian\u00e7as e adolescentes. Isso \u00e9 uma quest\u00e3o \tde sa\u00fade p\u00fablica porque, al\u00e9m dos danos \tpsicol\u00f3gicos, essas jovens est\u00e3o sendo contaminadas \tcom doen\u00e7as sexualmente transmiss\u00edveis e ficando \tgr\u00e1vidas cada vez mais cedo\u201d, ressalta o presidente do \tCremepe, Ricardo Paiva.<\/p>\n<p align=\"justify\">Paiva \tdefende um trabalho mais integrado para enfrentar a quest\u00e3o \tda explora\u00e7\u00e3o sexual em Pernambuco. De acordo com o \tpresidente do Cremepe, mesmo nas cidades onde j\u00e1 est\u00e1 \tem funcionamento o Projeto Sentinela, os avan\u00e7os s\u00e3o \tt\u00edmidos na repress\u00e3o e preven\u00e7\u00e3o do \tproblema.<\/p>\n<p align=\"justify\">\u201cJ\u00e1 \tcome\u00e7amos a nos articular com ONGs de defesa dos direitos das \tcrian\u00e7as e das mulheres, com o poder p\u00fablico e com \toutros \u00f3rg\u00e3os de classe para reunir for\u00e7as e \ttratar o combate \u00e0 explora\u00e7\u00e3o como prioridade. \tAcho que o foco principal tem de ser a preven\u00e7\u00e3o. \u00c9 \tpreciso evitar que esses meninos e meninas sejam cooptados pelos \taliciadores e passem a vender o corpo dessa maneira\u201d, pontua \tPaiva.<\/p>\n<p align=\"justify\">A \tcaravana do Cremepe encontrou os piores casos de explora\u00e7\u00e3o \tsexual de crian\u00e7as e adolescentes ao redor das cidades-p\u00f3lo \tdo interior. Caruaru, no Agreste, e Palmares, na Mata Sul, s\u00e3o \tdois exemplos de onde a prostitui\u00e7\u00e3o infantil \u00e9 \tfacilmente encontrada. \u201cO pior \u00e9 que existem muito \tpoucas institui\u00e7\u00f5es oferecendo alguma alternativa para \tas adolescentes que est\u00e3o sendo convidadas a entrar no \tesquema\u201d, finaliza o presidente do Cremepe.<\/p>\n<p align=\"justify\">Segundo \to Instituto Brasileiro de Geografia e Estat\u00edstica (IBGE), a \televada taxa de gravidez entre as jovens \u00e9 apontada pelo \tCenso 2000. De acordo com esses dados, a \u00fanica faixa et\u00e1ria \tem que n\u00e3o h\u00e1 redu\u00e7\u00e3o da fecundidade \u00e9 \ta de meninas entre 15 e 19 anos. Em 2000, para cada grupo de mil \tadolescentes, 90 tinham pelo menos um filho, 20% a mais que o \tregistrado em 1980. Uma an\u00e1lise dos partos realizados pelo \tSistema \u00danico de Sa\u00fade (SUS), em 1999, demonstrou que \t27% dos procedimentos tiveram como pacientes meninas de 10 a 19 \tanos, totalizando 756.553 adolescentes gr\u00e1vidas naquele ano.<\/p>\n<p align=\"justify\"><strong>CAMPANHA <\/strong>\u2013 Para o presidente da Uni\u00e3o Brasileira dos \tCaminhoneiros (Ubcam), Jos\u00e9 Em\u00eddio Natan Neto, a \tinclus\u00e3o da categoria entre os principais aliciadores de \tcrian\u00e7as e adolescentes j\u00e1 foi verdade no passado, mas \tn\u00e3o corresponderia mais com a realidade atual. \u201cAntigamente \teu recebia aqui no sindicato dezenas de cartas de rapazes e mo\u00e7as \tpedindo que a gente localizasse os pais deles. Esses jovens eram \tfilhos de rela\u00e7\u00f5es de beira de estrada que nunca \tconheceram seus genitores. Isso hoje n\u00e3o acontece mais. Essa \tquest\u00e3o da prostitui\u00e7\u00e3o infantil est\u00e1 \trestrita \u00e0s \u00e1reas mais remotas do interior do Pa\u00eds\u201d, \tarrisca Natan.<\/p>\n<p align=\"justify\">O \tpresidente da Ubcam assegura que a categoria est\u00e1 disposta a \tparticipar das campanhas de conscientiza\u00e7\u00e3o e combate \t\u00e0 explora\u00e7\u00e3o sexual a que forem convidados. \t\u201cN\u00e3o queremos que essa imagem de agente do mal das \testradas fique na cabe\u00e7a das pessoas. Somos trabalhadores e \tn\u00e3o concordamos de jeito nenhum com isso\u201d, frisa o \tsindicalista.<\/p>\n<p align=\"justify\">Jos\u00e9 \tNatan relata ainda que, em Minas Gerais, onde fica a sede da Ubcam, \tj\u00e1 foi iniciada uma campanha que prega a carona respons\u00e1vel. \t\u201cPegar viajantes na beira da pista \u00e9 um costume antigo \tdos carreteiros em todo o Pa\u00eds. Sabemos que n\u00e3o vamos \textinguir isso, mas queremos que os companheiros tenham \tresponsabilidade n\u00e3o s\u00f3 com a quest\u00e3o da \tprostitui\u00e7\u00e3o infantil, mas tamb\u00e9m com rela\u00e7\u00e3o \taos assaltos\u201d, finaliza Natan.<\/p>\n<p style=\"text-align: center;\">[<a href=\"javascript:history.go(-1)\">Voltar<\/a>]<\/p>\n<\/div>\n<\/div>\n<\/div>\n","protected":false},"excerpt":{"rendered":"<p>At\u00e9 onde chega a promiscuidade e a falta de educa\u00e7\u00e3o b\u00e1sica e de qualidade. Esta not\u00edcia \u00e9 antiga, publicada em 2005, mas \u00e9 sempre atual, pois \u00e9 um problema que resolver-se-\u00e1 apenas com educa\u00e7\u00e3o e melhores condi\u00e7\u00f5es de vida do povo. Acordem pol\u00edticos canhalhas e governantes corruptos. O povo brasileiro est\u00e1 abandonado e se destruindo [&hellip;]<\/p>\n","protected":false},"author":1,"featured_media":0,"comment_status":"open","ping_status":"open","sticky":false,"template":"","format":"standard","meta":{"footnotes":""},"categories":[27],"tags":[],"class_list":["post-5268","post","type-post","status-publish","format-standard","hentry","category-noticias"],"_links":{"self":[{"href":"https:\/\/antonini.psc.br\/index.php?rest_route=\/wp\/v2\/posts\/5268","targetHints":{"allow":["GET"]}}],"collection":[{"href":"https:\/\/antonini.psc.br\/index.php?rest_route=\/wp\/v2\/posts"}],"about":[{"href":"https:\/\/antonini.psc.br\/index.php?rest_route=\/wp\/v2\/types\/post"}],"author":[{"embeddable":true,"href":"https:\/\/antonini.psc.br\/index.php?rest_route=\/wp\/v2\/users\/1"}],"replies":[{"embeddable":true,"href":"https:\/\/antonini.psc.br\/index.php?rest_route=%2Fwp%2Fv2%2Fcomments&post=5268"}],"version-history":[{"count":1,"href":"https:\/\/antonini.psc.br\/index.php?rest_route=\/wp\/v2\/posts\/5268\/revisions"}],"predecessor-version":[{"id":27318,"href":"https:\/\/antonini.psc.br\/index.php?rest_route=\/wp\/v2\/posts\/5268\/revisions\/27318"}],"wp:attachment":[{"href":"https:\/\/antonini.psc.br\/index.php?rest_route=%2Fwp%2Fv2%2Fmedia&parent=5268"}],"wp:term":[{"taxonomy":"category","embeddable":true,"href":"https:\/\/antonini.psc.br\/index.php?rest_route=%2Fwp%2Fv2%2Fcategories&post=5268"},{"taxonomy":"post_tag","embeddable":true,"href":"https:\/\/antonini.psc.br\/index.php?rest_route=%2Fwp%2Fv2%2Ftags&post=5268"}],"curies":[{"name":"wp","href":"https:\/\/api.w.org\/{rel}","templated":true}]}}