{"id":5274,"date":"2009-07-20T22:16:23","date_gmt":"2009-07-20T22:16:23","guid":{"rendered":"http:\/\/antonini.med.br\/blog\/?p=5274"},"modified":"2022-02-15T03:28:41","modified_gmt":"2022-02-15T03:28:41","slug":"o-sapo-de-einstein","status":"publish","type":"post","link":"https:\/\/antonini.psc.br\/?p=5274","title":{"rendered":"O sapo de Einstein"},"content":{"rendered":"<p style=\"text-align: justify;\">Por <strong>Mari\u00e2ngela Pereira de Albuquerque<\/strong><\/p>\n<p style=\"text-align: justify;\">Nasci e vivi no Brasil toda     a minha vida, at\u00e9 2001.<!--more--><\/p>\n<p style=\"text-align: justify;\">Constitu\u00edmos uma fam\u00edlia feliz, eu, meu marido e minhas filhas.<\/p>\n<p style=\"text-align: justify;\">Leciono macroeconomia em Saint John, no Canad\u00e1.<\/p>\n<p style=\"text-align: justify;\">Sinto muitas saudades do meu pa\u00eds e, como ningu\u00e9m \u00e9 de ferro, sempre passamos nossas f\u00e9rias no Recife, Rio ou S\u00e3o Paulo.<\/p>\n<p style=\"text-align: justify;\">H\u00e1 pouco mais de um m\u00eas, chegamos do Brasil e entre v\u00e1rias lembran\u00e7as inesquec\u00edveis (principalmente do sol!) tomamos uma decis\u00e3o dolorosa: n\u00e3o voltaremos mais ao nosso pa\u00eds.<\/p>\n<p style=\"text-align: justify;\">Nossa decis\u00e3o de sair do Brasil, tamb\u00e9m foi dram\u00e1tica, mas eu e meu marido (que tamb\u00e9m \u00e9 professor e pesquisador),<br \/>\nfizemos uma an\u00e1lise fria e detalhada das nossas possibilidades, perspectivas e como poderia ser o futuro principalmente para nossas filhas.\n<\/p>\n<p style=\"text-align: justify;\">Considerando principalmente o futuro pol\u00edtico e econ\u00f4mico do Brasil, decidimos, com enorme dor no cora\u00e7\u00e3o, deixar o Brasil. No in\u00edcio, pensei que t\u00ednhamos tido muita sorte, pois fomos recebidos pelo mundo acad\u00eamico um sal\u00e1rio inimagin\u00e1vel se comparado ao que receb\u00edamos no Brasil exercendo as mesmas atividades.<\/p>\n<p style=\"text-align: justify;\">Melhoramos muito nosso padr\u00e3o e qualidade de vida.<\/p>\n<p style=\"text-align: justify;\">Se n\u00f3s tivemos sorte, percebemos tamb\u00e9m que um enorme n\u00famero de brasileiros tamb\u00e9m teve.<\/p>\n<p style=\"text-align: justify;\">\u00c9 surpreendente a quantidade de brasileiros que seguiu a mesma trilha pela qual optamos e est\u00e3o muito felizes aqui.<\/p>\n<p style=\"text-align: justify;\">A cada dia, mais e mais fam\u00edlias, alunos e professores de diversas partes do Brasil chegam ao Canad\u00e1.<\/p>\n<p style=\"text-align: justify;\">Mas, sempre tive a d\u00favida: porque ser\u00e1 que tantos est\u00e3o abandonando a nossa querida terrinha? Nossa \u00faltima viagem ao Brasil trouxe-me a resposta.<\/p>\n<p style=\"text-align: justify;\">H\u00e1 uma figura de ret\u00f3rica, chamada &#8220;O sapo de Einstein&#8221;.<\/p>\n<p style=\"text-align: justify;\">O g\u00eanio dizia &#8220;Se voc\u00ea colocar um sapo em uma panela com \u00e1gua e for aumentando a temperatura lentamente, o sapo n\u00e3o percebe, vai se habituando e morre cozido.<\/p>\n<p style=\"text-align: justify;\">Mas se voc\u00ea colocar o sapo em uma panela com \u00e1gua quente ele imediatamente percebe o choque e pula para fora&#8221;.<\/p>\n<p style=\"text-align: justify;\">Acho que o Brasil est\u00e1 passando pelo processo de fervura do sapo.<\/p>\n<p style=\"text-align: justify;\">\u00c9 incr\u00edvel a diferen\u00e7a do Brasil de 2001 para o de 2004 e o quanto as pessoas est\u00e3o impass\u00edveis e pac\u00edficas.<\/p>\n<p style=\"text-align: justify;\">Um de meus colegas, docente de uma universidade federal em S\u00e3o Paulo, recebe um sal\u00e1rio equivalente ao que eu pago aqui para a bab\u00e1 da minha filha.<\/p>\n<p style=\"text-align: justify;\">Meu marido, convidado para um congresso no Rio, foi questionado por um assessor ministerial se desejaria conhecer pessoalmente o Ministro da Economia, presente ao evento. Educadamente, meu marido aceitou .<\/p>\n<p style=\"text-align: justify;\">E recebeu como resposta: &#8220;Pois \u00e9, mas para isso tem uma pequena taxa de ades\u00e3o&#8221;.<\/p>\n<p style=\"text-align: justify;\">Surpreso, meu marido recusou-se a continuar a conversa.<\/p>\n<p style=\"text-align: justify;\">Ali\u00e1s, no Rio nosso motorista dava enormes voltas para levar-nos ao hotel, aos shoppings e ao Centro de Conven\u00e7\u00f5es. Mas fomos informados que na rua tal, estava tendo tiroteio, no outro percurso, ocorria um tal de &#8220;bonde&#8221;, que at\u00e9 agora n\u00e3o entendi, mas \u00e9 algo que envolve bandidos motorizados.<\/p>\n<p style=\"text-align: justify;\">O surpreendente, \u00e9 a simplicidade com que as pessoas falam sobre tiroteios na rua.<\/p>\n<p style=\"text-align: justify;\">Quando sa\u00edmos do Brasil, o Rio n\u00e3o era nenhum para\u00edso &#8211; pelo contr\u00e1rio &#8211; mas os tiroteios eram esparsos e nos morros.<\/p>\n<p style=\"text-align: justify;\">Hoje, \u00e9 constante e nas ruas nobres do Rio.<\/p>\n<p style=\"text-align: justify;\">Em S\u00e3o Paulo, assistimos parte do hilariante debate eleitoral na TV. Uma candidata (esqueci o nome), falava de &#8220;escolas de lata&#8221; e dizia ser &#8220;origin\u00e1ria de uma fam\u00edlia rica&#8221;. Mas sua cirurgia pl\u00e1stica deve ter sido feita nos morros do Rio, pois a deixou meio caolha, com as p\u00e1lpebras tortas e se ela continuar a entupir-se de botox, vai come\u00e7ar a vazar pelas orelhas.<\/p>\n<p style=\"text-align: justify;\">Mas das dezenas de empresas que abandonaram o munic\u00edpio, n\u00e3o ouvi uma palavra.<\/p>\n<p style=\"text-align: justify;\">Atualmente, o governo Lula comemora os espetaculares \u00edndices econ\u00f4micos, produzidos por um m\u00e9dico, Dr. Pallocci. N\u00e3o entendo nada de medicina e jamais me atreveria a exercer uma profiss\u00e3o para a qual n\u00e3o possuo embasamento.<\/p>\n<p style=\"text-align: justify;\">Mas de economia em geral eu entendo um pouco.<\/p>\n<p style=\"text-align: justify;\">E de economia brasileira eu entendo muito. Comemorar a eleva\u00e7\u00e3o de indicadores econ\u00f4micos em rela\u00e7\u00e3o ao ano passado, demonstra despreparo e desconhecimento.<\/p>\n<p style=\"text-align: justify;\">A realidade \u00e9 que em 2001 e 2002 ocorreu uma grande evas\u00e3o de empresas e investimentos no Brasil, com receio do futuro governo do PT.<\/p>\n<p style=\"text-align: justify;\">Este fato somente refletiu-se na economia em 2003, que, em conseq\u00fc\u00eancia, foi um ano p\u00e9ssimo para o Brasil em termos econ\u00f4micos.<\/p>\n<p style=\"text-align: justify;\">Desta forma, comparar 2004 contra 2003, m\u00e9dico Pallocci, n\u00e3o \u00e9 tecnicamente correto. \u00c9 o mesmo que comemorar por um paciente que est\u00e1 em coma, ter melhorado sua press\u00e3o arterial em rela\u00e7\u00e3o ao dia anterior.<\/p>\n<p style=\"text-align: justify;\">O paciente n\u00e3o sarou, m\u00e9dico Pallocci. Ele est\u00e1 gravemente enfermo.<\/p>\n<p style=\"text-align: justify;\">Ent\u00e3o, deixe para comemorar ou dar declara\u00e7\u00f5es festivas quando puder apertar a m\u00e3o do paciente corado e saud\u00e1vel deixando o hospital.<\/p>\n<p style=\"text-align: justify;\">Mari\u00e2ngela Pereira de Albuquerque \u00e9 professora universit\u00e1ria no Canad\u00e1.<\/p>\n<p style=\"text-align: center;\">[<a href=\"javascript:history.go(-1)\">Voltar<\/a>]<\/p>\n","protected":false},"excerpt":{"rendered":"<p>Por Mari\u00e2ngela Pereira de Albuquerque Nasci e vivi no Brasil toda a minha vida, at\u00e9 2001.<\/p>\n","protected":false},"author":1,"featured_media":0,"comment_status":"open","ping_status":"open","sticky":false,"template":"","format":"standard","meta":{"footnotes":""},"categories":[27],"tags":[],"class_list":["post-5274","post","type-post","status-publish","format-standard","hentry","category-noticias"],"_links":{"self":[{"href":"https:\/\/antonini.psc.br\/index.php?rest_route=\/wp\/v2\/posts\/5274","targetHints":{"allow":["GET"]}}],"collection":[{"href":"https:\/\/antonini.psc.br\/index.php?rest_route=\/wp\/v2\/posts"}],"about":[{"href":"https:\/\/antonini.psc.br\/index.php?rest_route=\/wp\/v2\/types\/post"}],"author":[{"embeddable":true,"href":"https:\/\/antonini.psc.br\/index.php?rest_route=\/wp\/v2\/users\/1"}],"replies":[{"embeddable":true,"href":"https:\/\/antonini.psc.br\/index.php?rest_route=%2Fwp%2Fv2%2Fcomments&post=5274"}],"version-history":[{"count":1,"href":"https:\/\/antonini.psc.br\/index.php?rest_route=\/wp\/v2\/posts\/5274\/revisions"}],"predecessor-version":[{"id":26076,"href":"https:\/\/antonini.psc.br\/index.php?rest_route=\/wp\/v2\/posts\/5274\/revisions\/26076"}],"wp:attachment":[{"href":"https:\/\/antonini.psc.br\/index.php?rest_route=%2Fwp%2Fv2%2Fmedia&parent=5274"}],"wp:term":[{"taxonomy":"category","embeddable":true,"href":"https:\/\/antonini.psc.br\/index.php?rest_route=%2Fwp%2Fv2%2Fcategories&post=5274"},{"taxonomy":"post_tag","embeddable":true,"href":"https:\/\/antonini.psc.br\/index.php?rest_route=%2Fwp%2Fv2%2Ftags&post=5274"}],"curies":[{"name":"wp","href":"https:\/\/api.w.org\/{rel}","templated":true}]}}