{"id":5297,"date":"2009-07-23T14:23:04","date_gmt":"2009-07-23T14:23:04","guid":{"rendered":"http:\/\/antonini.med.br\/blog\/?p=5297"},"modified":"2022-02-15T03:28:41","modified_gmt":"2022-02-15T03:28:41","slug":"5297","status":"publish","type":"post","link":"https:\/\/antonini.psc.br\/?p=5297","title":{"rendered":"Manifesto \u00e0 Na\u00e7\u00e3o do Lions Clube de Blumenau Centro"},"content":{"rendered":"<p style=\"text-align: justify;\">O Lions Clube de Blumenau Centro, reunido em assembl\u00e9ia no dia 15 de julho de 2009, formulou e aprovou por unanimidade a divulga\u00e7\u00e3o ao pa\u00eds, por todos os meios ao seu alcance, do seguinte manifesto.<!--more--><\/p>\n<p align=\"center\"><strong>LIONS CLUBE DE BLUMENAU CENTRO<\/strong><\/p>\n<p align=\"center\">CNPJ 01.445.120\/0001-65<\/p>\n<p align=\"center\">\n<p align=\"center\"><strong>\u201cMaior servid\u00e3o \u00e9 mandar homens, que servi-los.\u201d<\/strong><\/p>\n<p align=\"center\">(Padre Ant\u00f4nio Vieira, 1608\/1697, nascido em Portugal, viveu por muito tempo no Maranh\u00e3o).<\/p>\n<p align=\"center\">\n<p align=\"center\"><strong> <\/strong><\/p>\n<p align=\"center\"><strong>MANIFESTO \u00c0 NA\u00c7\u00c3O<\/strong><\/p>\n<p style=\"text-align: justify;\">O sentimento da popula\u00e7\u00e3o brasileira para com a pol\u00edtica e os pol\u00edticos \u00e9 de profunda indigna\u00e7\u00e3o e revolta. Infelizmente os desmandos s\u00e3o de tal ordem e n\u00famero que, al\u00e9m deste sentimento de frustra\u00e7\u00e3o, as pessoas parecem estar anestesiadas.<\/p>\n<p style=\"text-align: justify;\">\n<p style=\"text-align: justify;\">O Lions Clube de Blumenau Centro, com 53 anos ininterruptos de servi\u00e7os prestados \u00e0 comunidade, tem, entre seus objetivos, o est\u00edmulo ao patriotismo. Conta at\u00e9 hoje em suas reuni\u00f5es com alguns dos seus fundadores, forma um grupo preocupado com o Brasil e tamb\u00e9m se sente atingido por esta indigna\u00e7\u00e3o, que \u00e9 not\u00f3ria nas ruas.<\/p>\n<p style=\"text-align: justify;\">\n<p style=\"text-align: justify;\">Em vista disso elaborou o presente manifesto, a ser divulgado de todas as formas e por todos os meios poss\u00edveis, objetivando despertar o pa\u00eds da letargia e reverter o quadro lament\u00e1vel que se espalha entre os brasileiros respons\u00e1veis.<\/p>\n<p style=\"text-align: justify;\">\n<p style=\"text-align: justify;\">Ainda que os \u00edndices econ\u00f4micos possam aparentar uma certa tranquilidade, ela \u00e9 ilus\u00f3ria, na medida em que padr\u00f5es \u00e9ticos est\u00e3o sendo vilipendiados diuturnamente nos mais variados n\u00edveis da administra\u00e7\u00e3o p\u00fablica. Eles s\u00e3o tanto mais graves, quanto mais pr\u00f3ximos da esfera federal.<\/p>\n<p style=\"text-align: justify;\">\n<p style=\"text-align: justify;\">Esc\u00e2ndalos de toda ordem, desde malversa\u00e7\u00e3o do er\u00e1rio, favorecimentos pessoais esp\u00farios, esp\u00edrito corporativista intoleravelmente reprov\u00e1vel, aumento absurdo no n\u00famero de cargos e atitudes anti\u00e9ticas deixaram de ser exce\u00e7\u00e3o, para virarem regra. Nem bem um esc\u00e2ndalo \u00e9 divulgado, outro lhe toma o lugar, gerando na popula\u00e7\u00e3o, por esta sequ\u00eancia regular e continuada, aquele sentimento de impot\u00eancia e letargia referido anteriormente. Parecemos todos zumbis est\u00e1ticos, observando os fatos sem reagir, descrentes de mudan\u00e7as positivas.<\/p>\n<p style=\"text-align: justify;\">\n<p style=\"text-align: justify;\">N\u00e3o se trata de reivindicar um simples e ut\u00f3pico processo de distribui\u00e7\u00e3o de renda, de criticar irresponsavelmente a livre iniciativa ou de levianamente censurar bons sal\u00e1rios aos administradores p\u00fablicos competentes. Trata-se de encontrar um modelo mais comedido, em que o cidad\u00e3o trabalhador n\u00e3o fique estarrecido ao verificar que o que percebe de rendimento em toda uma vida \u00e9 pago a alguns funcion\u00e1rios p\u00fablicos e parlamentares em quest\u00e3o de poucos anos, quando n\u00e3o alguns meses, sob as mais variadas denomina\u00e7\u00f5es!<\/p>\n<p style=\"text-align: justify;\">\n<p style=\"text-align: justify;\">\n<p style=\"text-align: justify;\">Ainda que fosse somente pelo fato de n\u00e3o carregarmos na consci\u00eancia a censura de nossos filhos e netos pela nossa omiss\u00e3o e pelo nosso sil\u00eancio, e n\u00e3o pelo patriotismo em si, hoje t\u00e3o pouco em voga, n\u00f3s, membros do Lions Clube Blumenau Centro, sentimos ter chegado o momento de levantar a voz, pac\u00edfica mas energicamente. Este manifesto n\u00e3o pretende ser um brado irrespons\u00e1vel, uma palavra de ordem surrada ou um grito oportunista, que s\u00e3o os adjetivos tantas vezes usados pelos poderosos para abafar os protestos dos insatisfeitos.<\/p>\n<p style=\"text-align: justify;\">\n<p style=\"text-align: justify;\">Ele pretende ser um alerta, um chamado ao despertar, um incentivo \u00e0 forma\u00e7\u00e3o de cidad\u00e3os que, al\u00e9m de emprego e trabalho, sintam orgulho dos l\u00edderes que conduzem atrav\u00e9s do seu voto aos cargos p\u00fablicos, dos mais altos aos mais baixos, delegando-lhes poderes para fazer honestamente o melhor pelo pa\u00eds, pela sociedade, pela comunidade.<\/p>\n<p style=\"text-align: justify;\">\n<p style=\"text-align: justify;\">O Lions Clube de Blumenau Centro est\u00e1 preocupado com a viol\u00eancia j\u00e1 n\u00e3o mais restrita aos grandes centros e que avan\u00e7a dia a dia, alcan\u00e7ando \u00edndices alarmantes. Est\u00e1 preocupado com a educa\u00e7\u00e3o, na qual, sob um distorcido conceito de liberdade, os alunos est\u00e3o agredindo os professores, as drogas est\u00e3o sendo consumidas por nossa juventude \u00e0 luz do dia e diante da pol\u00edcia, trazendo em seu rastro a criminalidade crescente, apenas para citar alguns exemplos.<\/p>\n<p style=\"text-align: justify;\">\n<p style=\"text-align: justify;\">Os parlamentares est\u00e3o legislando cada vez menos, porque preocupados em acusar advers\u00e1rios ou em defender-se de acusa\u00e7\u00f5es, brigando por cargos e benef\u00edcios, dando as costas \u00e0queles que juraram defender. Reclamam do Executivo quando este governa com medidas provis\u00f3rias, mas n\u00e3o t\u00eam coragem de simplesmente rejeit\u00e1-las, temerosos de que com isso seus apadrinhados sejam prejudicados nas in\u00fameras nomea\u00e7\u00f5es que ir\u00e3o favorecer este ou aquele partido e assim perpetuar as benesses que aparentemente passaram a ser o objetivo principal e imediato de suas a\u00e7\u00f5es.<\/p>\n<p style=\"text-align: justify;\">\n<p style=\"text-align: justify;\">N\u00e3o menos preocupante \u00e9 o quadro do Poder Executivo em seus v\u00e1rios n\u00edveis, pois se vale exatamente deste poder de nomea\u00e7\u00f5es e da famigerada \u201ccaneta na m\u00e3o\u201d para manter em r\u00e9dea curta o Congresso. Nele os parlamentares assemelham-se a s\u00f3cios lutando por objetivos comuns, embora conden\u00e1veis e distantes das necessidades da popula\u00e7\u00e3o.<\/p>\n<p style=\"text-align: justify;\">\n<p style=\"text-align: justify;\">Triste \u00e9 tamb\u00e9m a situa\u00e7\u00e3o do Judici\u00e1rio, que, embora dispondo hoje de toda a tecnologia da inform\u00e1tica, acumula nos gabinetes os processos cujas decis\u00f5es o cidad\u00e3o ansioso espera por anos, \u00e0s vezes d\u00e9cadas. Ilustra bem este quadro a recente diverg\u00eancia manifestada de forma agressiva e lament\u00e1vel entre os ministros da mais alta corte, o Supremo Tribunal Federal, minando a confian\u00e7a das pessoas na \u00faltima inst\u00e2ncia a que podem recorrer quando t\u00eam seus direitos amea\u00e7ados ou agredidos.<\/p>\n<p style=\"text-align: justify;\">\n<p style=\"text-align: justify;\">Se a democracia est\u00e1 sustentada nestes tr\u00eas poderes e estes est\u00e3o t\u00e3o comprometidos em sua a\u00e7\u00e3o efetiva e em seu comportamento \u00e9tico, f\u00e1cil \u00e9 concluir que quando o fundamento \u00e9 fr\u00e1gil, a estrutura que ele sustenta tamb\u00e9m se fragiliza e amea\u00e7a ruir. N\u00e3o foi para isso que a democracia foi defendida a alto pre\u00e7o em passado recente. Simplesmente tratar desiguais com igualdade n\u00e3o \u00e9 democracia, \u00e9 anarquia!<\/p>\n<p style=\"text-align: justify;\">\n<p style=\"text-align: justify;\">\n<p style=\"text-align: justify;\">A classe dirigente n\u00e3o pode ser apenas uma elite intelectual. Isso \u00e9 pouco! Ela tem de ser, antes disso e mais que isso, uma elite moral. Um bom servi\u00e7o eventualmente prestado no passado por algum pol\u00edtico n\u00e3o autoriza e nem pode servir de atenuante para que ele cometa deslizes no presente. Napole\u00e3o j\u00e1 dizia que \u201cToda indulg\u00eancia para com os culpados revela coniv\u00eancia.\u201d<\/p>\n<p style=\"text-align: justify;\">\n<p style=\"text-align: justify;\">Assim como n\u00e3o se pode exigir que um filho imaturo seja exemplo para seus pais, mas sim o contr\u00e1rio, da mesma forma n\u00e3o se pode jogar nas costas da sociedade a responsabilidade pelo pouco caso que seus dirigentes t\u00eam para com a coisa p\u00fablica, impingindo-se a ela, sociedade, a culpa por suposta falta de crit\u00e9rio na escolha dos candidatos eleitos. Esta \u00e9 uma forma ardilosa, perversa e demag\u00f3gica de pulverizar a responsabilidade por m\u00e1 conduta, tirando-a dos ombros dos dirigentes para espalh\u00e1-la comodamente sobre os ombros dos dirigidos.<\/p>\n<p style=\"text-align: justify;\">\n<p style=\"text-align: justify;\">O objetivo do presente manifesto \u00e9, finalmente, despertar na opini\u00e3o p\u00fablica, nos clubes de servi\u00e7o, \u00f3rg\u00e3os representativos, imprensa e comunidade em geral, um clamor para que apare\u00e7am sugest\u00f5es de procedimentos mais \u00e9ticos e reformas estruturais.<\/p>\n<p style=\"text-align: justify;\">\n<p style=\"text-align: justify;\">Folha corrida limpa para candidatos a cargos p\u00fablicos? Elimina\u00e7\u00e3o ou restri\u00e7\u00e3o dr\u00e1stica de comissionados? Redirecionamento das prioridades do pa\u00eds? Assembl\u00e9ia Nacional verdadeiramente \u201cConstituinte\u201d e n\u00e3o simplesmente com poderes constituintes como foi a de 1988? A Constitui\u00e7\u00e3o \u201ccidad\u00e3\u201d efetivamente logrou promover a verdadeira e aut\u00eantica cidadania? Manteve equil\u00edbrio entre direitos e deveres? S\u00e3o perguntas ilustrativas que este manifesto, num primeiro momento, deixa no ar, para reflex\u00e3o.<\/p>\n<p style=\"text-align: justify;\">\n<p style=\"text-align: justify;\">A nossa associa\u00e7\u00e3o n\u00e3o tem receitas prontas para que esta mudan\u00e7a urgente e inadi\u00e1vel se concretize. Ela deseja sim, juntamente com outras entidades, participar com sugest\u00f5es. Mas, cabendo originalmente ao Congresso articular as mudan\u00e7as positivas, \u00e9 l\u00e1 que deve acontecer a mudan\u00e7a em primeiro lugar.<\/p>\n<p style=\"text-align: justify;\">\n<p style=\"text-align: justify;\">O Lions Clube de Blumenau Centro, atrav\u00e9s deste manifesto, busca o apoio de tantos quantos o lerem e concordarem com ele para que, formada uma corrente de \u00e9tica, moralidade, cidadania e transpar\u00eancia, se d\u00ea um basta a esta torrente de esc\u00e2ndalos. Que comecemos todos n\u00f3s, brasileiros de bem, a construir um pa\u00eds melhor, mais humano, \u00edntegro e civilizado, dirigido por pessoas das quais possamos nos orgulhar e n\u00e3o nos sentirmos profundamente envergonhados, como hoje acontece.<\/p>\n<p style=\"text-align: justify;\">\n<p style=\"text-align: justify;\">Que nos sirva de inspira\u00e7\u00e3o, incentivo e fecho deste manifesto a seguinte frase do escritor e analista econ\u00f4mico e pol\u00edtico sul-africano, Leon Louw: \u201cSe conseguirmos fazer avan\u00e7ar a multid\u00e3o na dire\u00e7\u00e3o certa, os pol\u00edticos n\u00e3o ter\u00e3o outra alternativa sen\u00e3o sair \u00e0 sua frente.\u201d<\/p>\n<p style=\"text-align: justify;\">\n<p style=\"text-align: justify;\">Blumenau, SC., Julho de 2009.<\/p>\n<p style=\"text-align: justify;\">\n<p style=\"text-align: justify;\">H\u00e9zio Ara\u00fajo de Souza<\/p>\n<p style=\"text-align: justify;\">Presidente 2009\/2010<\/p>\n<p style=\"text-align: justify;\">\n<p style=\"text-align: justify;\"><em>A utiliza\u00e7\u00e3o, divulga\u00e7\u00e3o e reenvio do manifesto s\u00e3o livres, citada a fonte.<\/em><\/p>\n<p style=\"text-align: center;\">[<a href=\"javascript:history.go(-1)\">Voltar<\/a>]<\/p>\n","protected":false},"excerpt":{"rendered":"<p>O Lions Clube de Blumenau Centro, reunido em assembl\u00e9ia no dia 15 de julho de 2009, formulou e aprovou por unanimidade a divulga\u00e7\u00e3o ao pa\u00eds, por todos os meios ao seu alcance, do seguinte manifesto.<\/p>\n","protected":false},"author":1,"featured_media":0,"comment_status":"open","ping_status":"open","sticky":false,"template":"","format":"standard","meta":{"footnotes":""},"categories":[27],"tags":[],"class_list":["post-5297","post","type-post","status-publish","format-standard","hentry","category-noticias"],"_links":{"self":[{"href":"https:\/\/antonini.psc.br\/index.php?rest_route=\/wp\/v2\/posts\/5297","targetHints":{"allow":["GET"]}}],"collection":[{"href":"https:\/\/antonini.psc.br\/index.php?rest_route=\/wp\/v2\/posts"}],"about":[{"href":"https:\/\/antonini.psc.br\/index.php?rest_route=\/wp\/v2\/types\/post"}],"author":[{"embeddable":true,"href":"https:\/\/antonini.psc.br\/index.php?rest_route=\/wp\/v2\/users\/1"}],"replies":[{"embeddable":true,"href":"https:\/\/antonini.psc.br\/index.php?rest_route=%2Fwp%2Fv2%2Fcomments&post=5297"}],"version-history":[{"count":1,"href":"https:\/\/antonini.psc.br\/index.php?rest_route=\/wp\/v2\/posts\/5297\/revisions"}],"predecessor-version":[{"id":27316,"href":"https:\/\/antonini.psc.br\/index.php?rest_route=\/wp\/v2\/posts\/5297\/revisions\/27316"}],"wp:attachment":[{"href":"https:\/\/antonini.psc.br\/index.php?rest_route=%2Fwp%2Fv2%2Fmedia&parent=5297"}],"wp:term":[{"taxonomy":"category","embeddable":true,"href":"https:\/\/antonini.psc.br\/index.php?rest_route=%2Fwp%2Fv2%2Fcategories&post=5297"},{"taxonomy":"post_tag","embeddable":true,"href":"https:\/\/antonini.psc.br\/index.php?rest_route=%2Fwp%2Fv2%2Ftags&post=5297"}],"curies":[{"name":"wp","href":"https:\/\/api.w.org\/{rel}","templated":true}]}}