{"id":537,"date":"2008-11-10T23:46:01","date_gmt":"2008-11-11T02:46:01","guid":{"rendered":"http:\/\/www.antonini.med.br\/blog\/?p=537"},"modified":"2022-02-15T03:29:58","modified_gmt":"2022-02-15T03:29:58","slug":"camara-vota-amanha-projeto-que-criminaliza-aquisicao-e-posse-de-pornografia-infantil-pela-internet","status":"publish","type":"post","link":"https:\/\/antonini.psc.br\/?p=537","title":{"rendered":"C\u00e2mara vota amanh\u00e3 projeto que criminaliza aquisi\u00e7\u00e3o e posse de pornografia infantil pela Internet"},"content":{"rendered":"<p style=\"text-align: justify;\">A C\u00e2mara dos Deputados confirmou que est\u00e1 mantida para amanh\u00e3 (11 de novembro) a vota\u00e7\u00e3o do Projeto de Lei n.250\/08 que atualiza o Estatuto da Crian\u00e7a e do Adolescente em termos de criminaliza\u00e7\u00e3o de condutas praticadas na Internet envolvendo crian\u00e7as e jovens.<\/p>\n<p class=\"western\" style=\"text-align: justify;\"><!--more--><\/p>\n<p class=\"western\" style=\"text-align: justify;\">O projeto foi proposto pela Comiss\u00e3o Parlamentar de Inqu\u00e9rito (CPI) da Pedofilia, ap\u00f3s consenso entre autoridades e especialistas, e aprovado pelo Senado Federal, no dia 10 de julho deste ano. A vota\u00e7\u00e3o na C\u00e2mara, em Bras\u00edlia, estava prevista para o \u00faltimo dia 6, mas foi adiada ap\u00f3s a suspens\u00e3o de todas as atividades da Casa, em respeito \u00e0 morte do deputado Mussa Demes (DEM-PI).<\/p>\n<p class=\"western\" style=\"text-align: justify;\">Amanh\u00e3, estar\u00e3o faltando exatos 15 dias para o in\u00edcio do III Congresso Mundial de Enfrentamento da Explora\u00e7\u00e3o Sexual de Crian\u00e7as e Adolescentes, no Rio de Janeiro, e o Brasil pode mostrar ao mundo que est\u00e1 avan\u00e7ando no sentido de punir criminosos que usam a Internet para abusar de crian\u00e7as e jovens.<\/p>\n<p class=\"western\" style=\"text-align: justify;\">O projeto prev\u00ea, por exemplo, a criminaliza\u00e7\u00e3o da aquisi\u00e7\u00e3o e o armazenamento de pornografia infantil, crimes que hoje n\u00e3o est\u00e3o previstos no ECA. Com a aprova\u00e7\u00e3o, sem altera\u00e7\u00e3o, do projeto pela C\u00e2mara ser\u00e1 poss\u00edvel intensificar o combate \u00e0 produ\u00e7\u00e3o, \u00e0 venda, \u00e0 distribui\u00e7\u00e3o e ao armazenamento de pornografia infantil, criminalizando condutas como a aquisi\u00e7\u00e3o e a posse de material pornogr\u00e1fico por meio da Internet. De acordo com o texto, aliciar, instigar ou constranger crian\u00e7a, por qualquer meio de comunica\u00e7\u00e3o, a praticar &#8220;ato libidinoso&#8221; passa a ser crime pass\u00edvel de pena de um a tr\u00eas anos de reclus\u00e3o, al\u00e9m de multa.<\/p>\n<p class=\"western\" style=\"text-align: justify;\">Penas semelhantes ser\u00e3o aplicadas para quem facilitar ou induzir o acesso de crian\u00e7as a material pornogr\u00e1fico ou as levarem a se exibir de forma sexualmente expl\u00edcita. \u201cAssediar crian\u00e7as por meio de sala de bate-papo, sites de relacionamento e MSN, por exemplo, passar\u00e1 a ser crime no Pa\u00eds\u201d, explica o Diretor Presidente da SaferNet Brasil, Thiago Tavares.<\/p>\n<p class=\"western\" style=\"text-align: justify;\">A proposta altera tamb\u00e9m o artigo 240 do ECA com o prop\u00f3sito de punir quem &#8220;produzir, reproduzir, dirigir, fotografar, filmar ou registrar, por qualquer meio, cena de sexo expl\u00edcito ou pornogr\u00e1fica envolvendo crian\u00e7a ou adolescente&#8221;. A pena para esses delitos passar\u00e1 a ser de quatro a oito anos, al\u00e9m de multa.<\/p>\n<p class=\"western\" style=\"text-align: justify;\">O mesmo valer\u00e1 para quem agencia, facilita, recruta, coage ou intermedeia a participa\u00e7\u00e3o de crian\u00e7a ou adolescente nessas cenas. Para se ter uma id\u00e9ia, a lei atual pune apenas quem contracena com as crian\u00e7as e adolescentes. E a pena ser\u00e1 ainda mais rigorosa (um ter\u00e7o a mais) se o crime for praticado no exerc\u00edcio de cargo ou fun\u00e7\u00e3o p\u00fablica, ou a pretexto de exerc\u00ea-la.<\/p>\n<p class=\"western\" style=\"text-align: justify;\">A intensidade maior da pena vale tamb\u00e9m para criminosos que forem pais ou respons\u00e1veis de crian\u00e7as e adolescentes v\u00edtimas dos abusos. Isso inclui tirar vantagem de rela\u00e7\u00f5es dom\u00e9sticas, de coabita\u00e7\u00e3o ou hospitalidade e se o crime for cometido por parente at\u00e9 terceiro grau ou que seja ainda tutor, curador, preceptor, empregador ou tenha autoridade sobre a v\u00edtima.<\/p>\n<p class=\"western\" style=\"text-align: justify;\">J\u00e1 as pessoas que vendem ou exp\u00f5em \u00e0 venda fotografia, v\u00eddeo ou outro registro que contenha sexo expl\u00edcito ou pornogr\u00e1fico envolvendo v\u00edtimas com menos de 18 anos estar\u00e3o sujeitas a pena de quatro a oito anos, al\u00e9m de multa. O projeto define ainda pena de reclus\u00e3o de tr\u00eas a seis anos para  quem distribuir material contendo pornografia infantil &#8211; seja oferecendo, trocando, transmitindo, publicando ou divulgando por qualquer meio, inclusive por sistema de inform\u00e1tica ou telem\u00e1tico (rede de telecomunica\u00e7\u00e3o) -, como fotografia, v\u00eddeo ou outro registro.<\/p>\n<p class=\"western\" style=\"text-align: justify;\">Este avan\u00e7o em termos de legisla\u00e7\u00e3o corrigir\u00e1 lacunas atuais, que hoje impedem, por exemplo, que ped\u00f3filos sejam punidos por distribuir material pornogr\u00e1fico com crian\u00e7as e jovens. A proposta ainda inclui puni\u00e7\u00e3o para os provedores de Internet que asseguram os meios ou servi\u00e7os para o armazenamento dessas imagens ou que asseguram o acesso pela Internet a essas informa\u00e7\u00f5es. A puni\u00e7\u00e3o ocorrer\u00e1, por exemplo, quando os provedores n\u00e3o retirarem do ar e n\u00e3o preservarem as provas de material pornogr\u00e1fico de crian\u00e7as e adolescentes.<\/p>\n<p class=\"western\" style=\"text-align: justify;\">O Diretor Presidente da SaferNet Brasil, Thiago Tavares, participou da elabora\u00e7\u00e3o do Projeto de Lei n.250\/08 por integrar, como convidado, o Grupo de Trabalho da CPI da Pedofilia, e est\u00e1 \u00e0 disposi\u00e7\u00e3o de voc\u00ea, jornalista, para fornecer mais informa\u00e7\u00f5es. Lembramos que o convite para integrar o GT da CPI da Pedofilia foi aceito pela SaferNet Brasil por entendermos que a prote\u00e7\u00e3o de Crian\u00e7as e Adolescentes \u00e9 dever de toda a sociedade.<\/p>\n<p class=\"western\" style=\"text-align: justify;\">\n<p class=\"western\" style=\"text-align: justify;\">Desde que foi criada em 20 de dezembro de 2005, a SaferNet tem atuado na defesa dos Direitos Humanos na Internet, criando a Central Nacional de Den\u00fancias de Crimes Cibern\u00e9ticos, que recebe  cerca de 2.500 den\u00fancias por dia, das quais, a maior parte (em torno de 60%) \u00e9 referente \u00e0 pornografia infantil.<\/p>\n<p class=\"western\" style=\"text-align: justify;\">\n<p class=\"western\" style=\"text-align: justify;\">Estamos a sua disposi\u00e7\u00e3o.<\/p>\n<p class=\"western\" style=\"text-align: justify;\">\n<p class=\"western\" style=\"text-align: justify;\">Contatos:<\/p>\n<p class=\"western\" style=\"text-align: justify;\">Daniela Silva<br \/>\nDiretora de Comunica\u00e7\u00e3o<br \/>\ndanielasilva@safernet.org.br\n<\/p>\n<p class=\"western\" style=\"margin-bottom: 0cm; text-align: justify;\">71 3235-5910 \/ 71 9<\/p>\n","protected":false},"excerpt":{"rendered":"<p>A C\u00e2mara dos Deputados confirmou que est\u00e1 mantida para amanh\u00e3 (11 de novembro) a vota\u00e7\u00e3o do Projeto de Lei n.250\/08 que atualiza o Estatuto da Crian\u00e7a e do Adolescente em termos de criminaliza\u00e7\u00e3o de condutas praticadas na Internet envolvendo crian\u00e7as e jovens.<\/p>\n","protected":false},"author":1,"featured_media":0,"comment_status":"open","ping_status":"open","sticky":false,"template":"","format":"standard","meta":{"footnotes":""},"categories":[27],"tags":[],"class_list":["post-537","post","type-post","status-publish","format-standard","hentry","category-noticias"],"_links":{"self":[{"href":"https:\/\/antonini.psc.br\/index.php?rest_route=\/wp\/v2\/posts\/537","targetHints":{"allow":["GET"]}}],"collection":[{"href":"https:\/\/antonini.psc.br\/index.php?rest_route=\/wp\/v2\/posts"}],"about":[{"href":"https:\/\/antonini.psc.br\/index.php?rest_route=\/wp\/v2\/types\/post"}],"author":[{"embeddable":true,"href":"https:\/\/antonini.psc.br\/index.php?rest_route=\/wp\/v2\/users\/1"}],"replies":[{"embeddable":true,"href":"https:\/\/antonini.psc.br\/index.php?rest_route=%2Fwp%2Fv2%2Fcomments&post=537"}],"version-history":[{"count":1,"href":"https:\/\/antonini.psc.br\/index.php?rest_route=\/wp\/v2\/posts\/537\/revisions"}],"predecessor-version":[{"id":28144,"href":"https:\/\/antonini.psc.br\/index.php?rest_route=\/wp\/v2\/posts\/537\/revisions\/28144"}],"wp:attachment":[{"href":"https:\/\/antonini.psc.br\/index.php?rest_route=%2Fwp%2Fv2%2Fmedia&parent=537"}],"wp:term":[{"taxonomy":"category","embeddable":true,"href":"https:\/\/antonini.psc.br\/index.php?rest_route=%2Fwp%2Fv2%2Fcategories&post=537"},{"taxonomy":"post_tag","embeddable":true,"href":"https:\/\/antonini.psc.br\/index.php?rest_route=%2Fwp%2Fv2%2Ftags&post=537"}],"curies":[{"name":"wp","href":"https:\/\/api.w.org\/{rel}","templated":true}]}}