{"id":5466,"date":"2009-08-03T15:33:57","date_gmt":"2009-08-03T18:33:57","guid":{"rendered":"http:\/\/antonini.med.br\/blog\/?p=5466"},"modified":"2022-02-15T03:28:40","modified_gmt":"2022-02-15T03:28:40","slug":"uso-indiscriminado-de-tamiflu-na-populacao","status":"publish","type":"post","link":"https:\/\/antonini.psc.br\/?p=5466","title":{"rendered":"Uso indiscriminado de Tamiflu na popula\u00e7\u00e3o"},"content":{"rendered":"<p style=\"text-align: justify;\">O ministro da Sa\u00fade, Jos\u00e9 Gomes Tempor\u00e3o, condenou nesta segunda-feira (3) a distribui\u00e7\u00e3o indiscriminada do Tamiflu, indicado para o tratamento da influenza A (H1N1) &#8211; gripe su\u00edna. Ele voltou a defender que os \u00f3rg\u00e3os p\u00fablicos sigam com rigor o protocolo do minist\u00e9rio para o tratamento da doen\u00e7a.<!--more--><\/p>\n<p style=\"text-align: justify;\"><strong>Isabela Vieira<\/strong><br \/>\nDa <strong>Ag\u00eancia Brasil<\/strong><br \/>\nRio de Janeiro<\/p>\n<p style=\"text-align: justify;\">Transcrito do <a href=\"http:\/\/noticias.uol.com.br\/\" target=\"_blank\" rel=\"noopener noreferrer\"><strong>UOL Not\u00edcias<\/strong><\/a><\/p>\n<p style=\"text-align: justify;\">&#8220;A distribui\u00e7\u00e3o indiscriminada \u00e9 uma grave irresponsabilidade social. Pensando que est\u00e1 defendendo a sa\u00fade p\u00fablica, pode estar condenando centenas de pessoas \u00e0 morte&#8221;, afirmou durante o an\u00fancio de recursos para unidades de pronto-atendimento no Pal\u00e1cio Guanabara, zona sul do Rio.<\/p>\n<p style=\"text-align: justify;\">Ele tamb\u00e9m criticou a an\u00e1lise de especialistas que incentivam a distribui\u00e7\u00e3o do rem\u00e9dio por hospitais.<\/p>\n<p style=\"text-align: justify;\">O ministro disse ainda que a distribui\u00e7\u00e3o sem controle estimula a automedica\u00e7\u00e3o e pode provocar a resist\u00eancia do v\u00edrus. &#8220;Corre-se o risco de perder a \u00fanica arma para combater a doen\u00e7a.&#8221;<\/p>\n<p style=\"text-align: justify;\">Apenas a t\u00edtulo de reflex\u00e3o e de diagn\u00f3stico: <strong>quem est\u00e1 fazendo a besteira de dispensar este f\u00e1rmaco (duvidoso, diga-se de passagem) aos pacientes, s\u00e3o os m\u00e9dicos,<\/strong> pois como \u00e9 muito caro, quase ningu\u00e9m vai \u00e0 farm\u00e1cia compr\u00e1-lo por conta pr\u00f3pria.<\/p>\n<p style=\"text-align: center;\">[<a href=\"javascript:history.go(-1)\">Voltar<\/a>]<span><br \/>\n<\/span><\/p>\n","protected":false},"excerpt":{"rendered":"<p>O ministro da Sa\u00fade, Jos\u00e9 Gomes Tempor\u00e3o, condenou nesta segunda-feira (3) a distribui\u00e7\u00e3o indiscriminada do Tamiflu, indicado para o tratamento da influenza A (H1N1) &#8211; gripe su\u00edna. Ele voltou a defender que os \u00f3rg\u00e3os p\u00fablicos sigam com rigor o protocolo do minist\u00e9rio para o tratamento da doen\u00e7a.<\/p>\n","protected":false},"author":1,"featured_media":0,"comment_status":"open","ping_status":"open","sticky":false,"template":"","format":"standard","meta":{"footnotes":""},"categories":[27],"tags":[],"class_list":["post-5466","post","type-post","status-publish","format-standard","hentry","category-noticias"],"_links":{"self":[{"href":"https:\/\/antonini.psc.br\/index.php?rest_route=\/wp\/v2\/posts\/5466","targetHints":{"allow":["GET"]}}],"collection":[{"href":"https:\/\/antonini.psc.br\/index.php?rest_route=\/wp\/v2\/posts"}],"about":[{"href":"https:\/\/antonini.psc.br\/index.php?rest_route=\/wp\/v2\/types\/post"}],"author":[{"embeddable":true,"href":"https:\/\/antonini.psc.br\/index.php?rest_route=\/wp\/v2\/users\/1"}],"replies":[{"embeddable":true,"href":"https:\/\/antonini.psc.br\/index.php?rest_route=%2Fwp%2Fv2%2Fcomments&post=5466"}],"version-history":[{"count":1,"href":"https:\/\/antonini.psc.br\/index.php?rest_route=\/wp\/v2\/posts\/5466\/revisions"}],"predecessor-version":[{"id":27948,"href":"https:\/\/antonini.psc.br\/index.php?rest_route=\/wp\/v2\/posts\/5466\/revisions\/27948"}],"wp:attachment":[{"href":"https:\/\/antonini.psc.br\/index.php?rest_route=%2Fwp%2Fv2%2Fmedia&parent=5466"}],"wp:term":[{"taxonomy":"category","embeddable":true,"href":"https:\/\/antonini.psc.br\/index.php?rest_route=%2Fwp%2Fv2%2Fcategories&post=5466"},{"taxonomy":"post_tag","embeddable":true,"href":"https:\/\/antonini.psc.br\/index.php?rest_route=%2Fwp%2Fv2%2Ftags&post=5466"}],"curies":[{"name":"wp","href":"https:\/\/api.w.org\/{rel}","templated":true}]}}