{"id":547,"date":"2008-11-12T21:32:48","date_gmt":"2008-11-13T00:32:48","guid":{"rendered":"http:\/\/www.antonini.med.br\/blog\/?p=547"},"modified":"2022-02-15T03:29:58","modified_gmt":"2022-02-15T03:29:58","slug":"linux-como-mudanca-de-mentalidade","status":"publish","type":"post","link":"https:\/\/antonini.psc.br\/?p=547","title":{"rendered":"Linux como mudan\u00e7a de mentalidade"},"content":{"rendered":"<p style=\"text-align: justify;\">&#8230;fui a reuni\u00e3o com o gerente de TI da inform\u00e1tica do meu trabalho&#8230; e, num papo p\u00f3s-reuni\u00e3o com ele, me ca\u00edram v\u00e1\u00e1\u00e1rias fichas&#8230; serviu para consolidar e compreender v\u00e1rios dos aspectos que formam uma mentalidade&#8230; e que s\u00f3 quando se muda a mentalidade, com os valores, mudam as pr\u00e1ticas, o tempo e o sentido das coisas.<\/p>\n<p style=\"text-align: justify;\"><!--more--><\/p>\n<p style=\"text-align: justify;\">Fern\u00e3o Lopes Ginez de Lara<\/p>\n<p style=\"text-align: justify;\">Cada vez mais percebo que Linux n\u00e3o \u00e9 apenas software livre, mas sim toda uma nova mentalidade, todo um novo conjunto de valores, que resgatam algumas pr\u00e1ticas abandonadas pela modernidade e colocam em pr\u00e1tica outras, inconceb\u00edveis anteriormente.<\/p>\n<p style=\"text-align: justify;\">Acredito que a quest\u00e3o do Software Livre n\u00e3o passa pelo dinheiro, pela gratuidade, como ponto principal. Esse pode ser o chamariz inicial, mas est\u00e1 longe da amplitude e das possibilidades da GPL. Significa comunidade, pertencimento a um grupo, n\u00e3o apenas espacial, mas composto por m\u00faltiplos participantes fragmentados pelo mundo. A comunidade, tradicionalmente, tinha um car\u00e1ter local, o que \u00e9 retomado e recontextualizado&#8230; evidentemente diversos elementos fragmentadores permanecem&#8230;<\/p>\n<p style=\"text-align: justify;\">No mundo atual, a sensa\u00e7\u00e3o de distanciamento s\u00f3 aumenta e, mesmo com todo o seu espa\u00e7o, existem estruturas cada vez maiores e mais, aparentemente, opressoras. Falar com o desenvolvedor do programa que voc\u00ea est\u00e1 utilizando e ped\u00ed-lo para desenvolver sua aplica\u00e7\u00e3o para tal especificidade, assim, &#8220;cara-a-cara&#8221;, \u00e9 inimagin\u00e1vel na mentalidade &#8220;propriet\u00e1ria&#8221; &#8211; o lucro permeia a rela\u00e7\u00e3o, impede e isola cada vez mais cada ator, ampliando, assim, a aliena\u00e7\u00e3o da produ\u00e7\u00e3o e do trabalho.<\/p>\n<p style=\"text-align: justify;\">Mas &#8220;Software Livre&#8221; lida tamb\u00e9m com a concep\u00e7\u00e3o de avan\u00e7o tecnol\u00f3gico e a obsolesc\u00eancia programada. Me deparei hoje, pela primeira vez, com uma pessoa falando que o padr\u00e3o de mercado, BOM, para desktop empresarial, era um Pentium4 2.8 GhZ com 1GB Ram, que a gente que estava acostumado com ninharia. Ser\u00e1 isso mesmo ou ser\u00e1 que os mundos descolaram um do outro e a ant\u00edtese entre eles vai deixar de acontecer?<\/p>\n<p style=\"text-align: justify;\">Penso nesse modelo, que garante o consumo incessante de m\u00e1quinas novas, evidentemente amparado por software cada vez mais potente e, sobretudo, pesado. Frente a isso, h\u00e1 o desenvolvimento do software livre, que trabalha com muitos paradigmas (se \u00e9 que essa frase \u00e9 poss\u00edvel) &#8230; \u00e9 vi\u00e1vel o micro velho, atualmente abandonado \u00e0s tra\u00e7as, como o Pentium 133, o 486 DX2, com 32 ou mesmo 16mb de ram&#8230; como \u00e9 vi\u00e1vel o Pentium4 com 1 ou 2 GB de Ram&#8230; em fun\u00e7\u00f5es diferentes&#8230; n\u00e3o precisamos de P4 para tudo. Por favor, \u00e9 um total desperd\u00edcio de energia, trabalho, tempo e mat\u00e9ria prima (todos convertidos em dinheiro), que ser\u00e3o usados para um Office cada vez mais pesado e com ferramentas in\u00fateis.<\/p>\n<p style=\"text-align: justify;\">E \u00e9 o modelo que est\u00e1 a\u00ed, para ser batido. Quero insistir, assim, na computa\u00e7\u00e3o paralela, na computa\u00e7\u00e3o distribu\u00edda e, claro, com toda a certeza, na volta da for\u00e7a do Main-Frame! Verdade! Pois nem todo mundo precisa de um processador 64 ou, em breve, 128 bits&#8230; mas determinados processos PRECISAM. Os 90% do resto, n\u00e3o!!!<\/p>\n<p style=\"text-align: justify;\">Software livre envolve uma mudan\u00e7a de paradigma total. Quando me deparei com aquele universo nessa reuni\u00e3o, que para mim constitui outra realidade, vi que realmente estava imerso em um mundo \u00e0 parte. N\u00e3o sei se era o mundo das &#8220;ninharias&#8221;, como me foi dito&#8230; mas acredito que \u00e9 com o mundo real, paralelo, subjugado&#8230; que, o Universo Linux come por todos os lados, para a minha esperan\u00e7a, pois ele vai bem tanto no novo-nov\u00edssimo quando no velho-velh\u00edssimo.<\/p>\n<p style=\"text-align: justify;\">Por isso, acredito que o Linux e o mundo Linux contribuem em uma parte do que considero base para uma mudan\u00e7a social que poder\u00e1 surgir&#8230; isto \u00e9, se a dist\u00e2ncia entre os mundos n\u00e3o aumentar mais absurdamente e impedir tudo, inclusive os conflitos sociais. Ou \u00e9 esse degrau que far\u00e1 com que o mundo descolado da realidade desabe e se esfacele. Como disse o &#8220;prof\u00e9tico&#8221; Marx, hein???<\/p>\n<p style=\"text-align: center;\">[<a href=\"javascript:history.go(-1)\">Voltar<\/a>]<\/p>\n","protected":false},"excerpt":{"rendered":"<p>&#8230;fui a reuni\u00e3o com o gerente de TI da inform\u00e1tica do meu trabalho&#8230; e, num papo p\u00f3s-reuni\u00e3o com ele, me ca\u00edram v\u00e1\u00e1\u00e1rias fichas&#8230; serviu para consolidar e compreender v\u00e1rios dos aspectos que formam uma mentalidade&#8230; e que s\u00f3 quando se muda a mentalidade, com os valores, mudam as pr\u00e1ticas, o tempo e o sentido das [&hellip;]<\/p>\n","protected":false},"author":1,"featured_media":0,"comment_status":"open","ping_status":"open","sticky":false,"template":"","format":"standard","meta":{"footnotes":""},"categories":[24],"tags":[],"class_list":["post-547","post","type-post","status-publish","format-standard","hentry","category-informatica"],"_links":{"self":[{"href":"https:\/\/antonini.psc.br\/index.php?rest_route=\/wp\/v2\/posts\/547","targetHints":{"allow":["GET"]}}],"collection":[{"href":"https:\/\/antonini.psc.br\/index.php?rest_route=\/wp\/v2\/posts"}],"about":[{"href":"https:\/\/antonini.psc.br\/index.php?rest_route=\/wp\/v2\/types\/post"}],"author":[{"embeddable":true,"href":"https:\/\/antonini.psc.br\/index.php?rest_route=\/wp\/v2\/users\/1"}],"replies":[{"embeddable":true,"href":"https:\/\/antonini.psc.br\/index.php?rest_route=%2Fwp%2Fv2%2Fcomments&post=547"}],"version-history":[{"count":1,"href":"https:\/\/antonini.psc.br\/index.php?rest_route=\/wp\/v2\/posts\/547\/revisions"}],"predecessor-version":[{"id":28141,"href":"https:\/\/antonini.psc.br\/index.php?rest_route=\/wp\/v2\/posts\/547\/revisions\/28141"}],"wp:attachment":[{"href":"https:\/\/antonini.psc.br\/index.php?rest_route=%2Fwp%2Fv2%2Fmedia&parent=547"}],"wp:term":[{"taxonomy":"category","embeddable":true,"href":"https:\/\/antonini.psc.br\/index.php?rest_route=%2Fwp%2Fv2%2Fcategories&post=547"},{"taxonomy":"post_tag","embeddable":true,"href":"https:\/\/antonini.psc.br\/index.php?rest_route=%2Fwp%2Fv2%2Ftags&post=547"}],"curies":[{"name":"wp","href":"https:\/\/api.w.org\/{rel}","templated":true}]}}