{"id":5574,"date":"2009-10-18T13:59:01","date_gmt":"2009-10-18T16:59:01","guid":{"rendered":"http:\/\/antonini.med.br\/blog\/?p=5574"},"modified":"2022-08-25T22:59:09","modified_gmt":"2022-08-25T22:59:09","slug":"alteracoes-reativas-nao-especificas-e-degenerativas","status":"publish","type":"post","link":"https:\/\/antonini.psc.br\/?p=5574","title":{"rendered":"Altera\u00e7\u00f5es reativas n\u00e3o espec\u00edficas e degenerativas"},"content":{"rendered":"<p style=\"text-align: center;\"><img loading=\"lazy\" decoding=\"async\" class=\"aligncenter size-large\" src=\"\/img\/067_JPG.jpg?w=560\" width=\"560\" height=\"412\"\/><\/p>\n<p style=\"text-align: justify;\">67. <strong>Mitoses.<\/strong> Mitoses s\u00e3o menos comumente vistas no material citol\u00f3gico do que em tecido, mas elas podem ser encontradas quando h\u00e1 uma regenera\u00e7\u00e3o tecidual r\u00e1pida. \u00c9 mais comum ach\u00e1-la em fragmentos, mas esse tem exemplo \u00e9 em uma \u00fanica c\u00e9lula parabasal. Em rea\u00e7\u00f5es benignas as mitoses s\u00e3o usualmente normais. (X 400)<\/p>\n<p style=\"text-align: center;\"><img loading=\"lazy\" decoding=\"async\" class=\"aligncenter size-large\" src=\"\/img\/068_JPG.jpg?w=560\" width=\"560\" height=\"413\"\/><\/p>\n<p style=\"text-align: justify;\">68. <strong>Cariorrexe.<\/strong> \u00c9 necess\u00e1rio distinguir mitoses de fragmenta\u00e7\u00e3o degenerativa dos n\u00facleos como os vistos nas c\u00e9lulas parabasais neste campo ponto esta forma de degenera\u00e7\u00e3o \u00e9 descrita como Cariorrexe; outras formas incluem cari\u00f3lise (69) e cit\u00f3lise (6). (X 120)<\/p>\n<p style=\"text-align: center;\"><img loading=\"lazy\" decoding=\"async\" class=\"aligncenter size-large\" src=\"\/img\/069_JPG.jpg?w=560\" width=\"560\" height=\"410\"\/><\/p>\n<p style=\"text-align: justify;\">69. <strong>Cari\u00f3lise.<\/strong> O n\u00facleo da c\u00e9lula no centro do campo quase desapareceu. Sua posi\u00e7\u00e3o \u00e9 identificada por uma p\u00e1lida e incompleta membrana.(X 125)<\/p>\n<p style=\"text-align: center;\"><img loading=\"lazy\" decoding=\"async\" class=\"aligncenter size-large\" src=\"\/img\/070_JPG.jpg?w=560\" width=\"560\" height=\"415\"\/><\/p>\n<p style=\"text-align: justify;\">70. <strong>Fagocitose.<\/strong> Histi\u00f3citos multinucleares gigantes s\u00e3o vistos no esfrega\u00e7o de pacientes com infec\u00e7\u00e3o cr\u00f4nica ou em uma rea\u00e7\u00e3o granulomatosa. Estes podem fagocitar resto dos nucleares, como visto neste campo. (X160)<\/p>\n<p style=\"text-align: center;\"><img loading=\"lazy\" decoding=\"async\" class=\"aligncenter size-large\" src=\"\/img\/071_JPG.jpg?w=560\" width=\"560\" height=\"410\"\/><\/p>\n<p style=\"text-align: justify;\">71. <strong>Vac\u00faolos citoplasm\u00e1ticas contendo um polimorfonucleares. <\/strong>Uma apar\u00eancia lembrando fagocitose \u00e9 vista quando polimorfos invadem vac\u00faolos degenerativas em c\u00e9lulas escamosas ou colunares. As c\u00e9lulas nos vac\u00faolos s\u00e3o algumas vezes referidas como c\u00e9lulas engolfadas. Notar que neste campo os polimorfos invasores aparecem vi\u00e1veis quando comparado com fragmentos nucleares em 70.(X 160)<\/p>\n<p style=\"text-align: center;\"><img loading=\"lazy\" decoding=\"async\" class=\"size-large aligncenter\" src=\"\/img\/072_JPG.jpg?w=560\" width=\"560\" height=\"413\"\/><\/p>\n<p style=\"text-align: justify;\">72. <strong>Multinuclea\u00e7\u00e3o.<\/strong> Quando h\u00e1 regenera\u00e7\u00e3o tissular r\u00e1pida, os n\u00facleos podem replicar mais rapidamente que a divis\u00e3o citoplasm\u00e1tica. Isto resulta em no multinuclea\u00e7\u00e3o com aspectos nucleares benignos os quais t\u00eam apar\u00eancia id\u00eantica. Neste campo a uma c\u00e9lula trinucleada com n\u00facleos hipocrom\u00e1ticos e aumentados e abaixo desta est\u00e1 uma outra c\u00e9lula com um \u00fanico no aumentado hipocrom\u00e1tico. Mudan\u00e7as similares t\u00eam sido relatadas com defici\u00eancia de \u00e1cido f\u00f3lico (van Niekerk. 1966). (X 250)<\/p>\n<p style=\"text-align: center;\"><img loading=\"lazy\" decoding=\"async\" class=\"aligncenter size-large\" src=\"\/img\/073_JPG.jpg?w=560\" width=\"560\" height=\"402\"\/><\/p>\n<p style=\"text-align: justify;\">73. <strong>Hiperplasia reativa.<\/strong> O aumento dos n\u00facleos \u00e9 comum nas c\u00e9lulas que mostram altera\u00e7\u00f5es reativas. A cromatina nuclear pode estar dispersa. Sendo assim, o n\u00facleo aparece hipocrom\u00e1tico. Em outros casos a degenera\u00e7\u00e3o pode causar necrose coagulativa e a cromatina nuclear torna-se hipercrom\u00e1tica e pouco n\u00edtida. Ambas as apar\u00eancias nucleares s\u00e3o vistas neste campo. Al\u00e9m disso, halos perinucleares s\u00e3o vistos, juntos com restos, contidos em vac\u00faolos no citoplasma. Uma c\u00e9lula \u00e9 binucleada.<\/p>\n<p style=\"text-align: center;\"><img loading=\"lazy\" decoding=\"async\" class=\"aligncenter size-large\" src=\"\/img\/074_JPG.jpg?w=560\" width=\"560\" height=\"407\"\/><\/p>\n<p style=\"text-align: justify;\">74. <strong>Altera\u00e7\u00f5es reativas: c\u00e9lulas escamosas.<\/strong> Neste campo os n\u00facleos s\u00e3o grandes, com dispers\u00e3o de cromatina dando uma apar\u00eancia granular. Alguma degenera\u00e7\u00e3o nuclear est\u00e1 presente e a colora\u00e7\u00e3o citoplasm\u00e1tica \u00e9 pouco n\u00edtida. (X 160)<\/p>\n<p style=\"text-align: center;\"><img loading=\"lazy\" decoding=\"async\" class=\"aligncenter size-large\" src=\"\/img\/075_jpg.jpg?w=560\" width=\"560\" height=\"402\"\/><\/p>\n<p style=\"text-align: justify;\">75. <strong>Altera\u00e7\u00f5es reativas: c\u00e9lulas colunares endocervicais. <\/strong> Neste campo uma fileira de c\u00e9lulas colunares endocervicais apresentam-se aumentadas, com n\u00facleos p\u00e1lidos com nucl\u00e9olos evidentes. A colora\u00e7\u00e3o \u00e9 geralmente pouco n\u00edtida e em algumas c\u00e9lulas a colora\u00e7\u00e3o citoplasm\u00e1tica \u00e9 anfof\u00edlica. Polimorfos est\u00e3o presentes e muitos est\u00e3o degenerados. Esfrega\u00e7os pouco n\u00edtidos pobremente corados s\u00e3o vistos comumente com infec\u00e7\u00e3o e os relat\u00f3rios podem ser incertos. Estes esfrega\u00e7os poderiam ser repetidos ap\u00f3s tratamento de infec\u00e7\u00e3o. (X 160)<\/p>\n<p style=\"text-align: center;\"><img loading=\"lazy\" decoding=\"async\" class=\"aligncenter size-large\" src=\"\/img\/076_jpg.jpg?w=560\" width=\"560\" height=\"406\"\/><\/p>\n<p style=\"text-align: justify;\">76. <strong>Altera\u00e7\u00f5es reativas: c\u00e9lulas metapl\u00e1sicas.<\/strong> Neste campo de c\u00e9lulas metapl\u00e1sicas h\u00e1 n\u00facleos grandes e granulares. Halos perinucleares s\u00e3o vistos em umas poucas c\u00e9lulas e h\u00e1 algumas vacuoliza\u00e7\u00f5es citoplasm\u00e1ticas. Compara\u00e7\u00f5es com 156 e 159 mostrar\u00e3o que quando h\u00e1 aumento da granularidade de cromatina nuclear as altera\u00e7\u00f5es come\u00e7am a ficar pr\u00f3ximas da discariose. (X160)<\/p>\n<p style=\"text-align: center;\"><img loading=\"lazy\" decoding=\"async\" class=\"aligncenter size-large\" src=\"\/img\/077_jpg.jpg?w=560\" width=\"560\" height=\"399\"\/><\/p>\n<p style=\"text-align: justify;\">77. <strong>Altera\u00e7\u00f5es reativas: c\u00e9lulas metapl\u00e1sicas.<\/strong> Neste campo h\u00e1 mais degenera\u00e7\u00e3o nuclear e hipercromasia; cariorrexe \u00e9 vista ocasionalmente na c\u00e9lula. O citoplasma \u00e9 denso e anf\u00f3lilo em algumas c\u00e9lulas. (X 160)<\/p>\n<p style=\"text-align: center;\"><img loading=\"lazy\" decoding=\"async\" class=\"aligncenter size-large\" src=\"\/img\/078_jpg.jpg?w=560\" width=\"560\" height=\"404\"\/><\/p>\n<p style=\"text-align: justify;\">78. <strong>Altera\u00e7\u00f5es reativas: c\u00e9lulas colunares endocervicais.<\/strong> Em aumento maior este grupo de c\u00e9lulas colunares endocervicais mostra altera\u00e7\u00f5es reativas acentuadas, com nucl\u00e9olos proeminentes os quais variam em tamanho e n\u00famero de c\u00e9lula para c\u00e9lula. Um vac\u00faolo contendo polimorfos est\u00e1 presente em uma mitose normal. Este grau de reatividade pode causar dificuldades ao diagn\u00f3stico, mas a presen\u00e7a regular de cromatina finamente granulada seria notada como evid\u00eancia de que estas c\u00e9lulas s\u00e3o benignas. (X 250)<\/p>\n<p style=\"text-align: center;\">[<a href=\"javascript:history.go(-1)\">Voltar<\/a>]<\/p>\n","protected":false},"excerpt":{"rendered":"<p>67. Mitoses. Mitoses s\u00e3o menos comumente vistas no material citol\u00f3gico do que em tecido, mas elas podem ser encontradas quando h\u00e1 uma regenera\u00e7\u00e3o tecidual r\u00e1pida. \u00c9 mais comum ach\u00e1-la em fragmentos, mas esse tem exemplo \u00e9 em uma \u00fanica c\u00e9lula parabasal. Em rea\u00e7\u00f5es benignas as mitoses s\u00e3o usualmente normais. (X 400) 68. Cariorrexe. \u00c9 necess\u00e1rio [&hellip;]<\/p>\n","protected":false},"author":1,"featured_media":0,"comment_status":"open","ping_status":"open","sticky":false,"template":"","format":"standard","meta":{"footnotes":""},"categories":[81],"tags":[],"class_list":["post-5574","post","type-post","status-publish","format-standard","hentry","category-citologia"],"_links":{"self":[{"href":"https:\/\/antonini.psc.br\/index.php?rest_route=\/wp\/v2\/posts\/5574","targetHints":{"allow":["GET"]}}],"collection":[{"href":"https:\/\/antonini.psc.br\/index.php?rest_route=\/wp\/v2\/posts"}],"about":[{"href":"https:\/\/antonini.psc.br\/index.php?rest_route=\/wp\/v2\/types\/post"}],"author":[{"embeddable":true,"href":"https:\/\/antonini.psc.br\/index.php?rest_route=\/wp\/v2\/users\/1"}],"replies":[{"embeddable":true,"href":"https:\/\/antonini.psc.br\/index.php?rest_route=%2Fwp%2Fv2%2Fcomments&post=5574"}],"version-history":[{"count":9,"href":"https:\/\/antonini.psc.br\/index.php?rest_route=\/wp\/v2\/posts\/5574\/revisions"}],"predecessor-version":[{"id":31426,"href":"https:\/\/antonini.psc.br\/index.php?rest_route=\/wp\/v2\/posts\/5574\/revisions\/31426"}],"wp:attachment":[{"href":"https:\/\/antonini.psc.br\/index.php?rest_route=%2Fwp%2Fv2%2Fmedia&parent=5574"}],"wp:term":[{"taxonomy":"category","embeddable":true,"href":"https:\/\/antonini.psc.br\/index.php?rest_route=%2Fwp%2Fv2%2Fcategories&post=5574"},{"taxonomy":"post_tag","embeddable":true,"href":"https:\/\/antonini.psc.br\/index.php?rest_route=%2Fwp%2Fv2%2Ftags&post=5574"}],"curies":[{"name":"wp","href":"https:\/\/api.w.org\/{rel}","templated":true}]}}