{"id":6487,"date":"2009-10-22T09:30:19","date_gmt":"2009-10-22T12:30:19","guid":{"rendered":"http:\/\/antonini.med.br\/blog\/?p=6487"},"modified":"2025-08-23T00:29:51","modified_gmt":"2025-08-23T00:29:51","slug":"historia-da-educacao","status":"publish","type":"post","link":"https:\/\/antonini.psc.br\/?p=6487","title":{"rendered":"Hist\u00f3ria da Educa\u00e7\u00e3o"},"content":{"rendered":"<ul>\n<li><!--more--> <a href=\"?p=6507\">Colaboradores<\/a><\/li>\n<li><a href=\"?p=6520\">Introdu\u00e7\u00e3o<\/a><\/li>\n<li><a href=\"?p=6525\">O Advento da civiliza\u00e7\u00e3o<\/a><\/li>\n<li><a href=\"?p=6529\">A civiliza\u00e7\u00e3o eg\u00edpcia<\/a><\/li>\n<li><a href=\"?p=6533\">A civiliza\u00e7\u00e3o indiana<\/a><\/li>\n<li><a href=\"?p=6538\">A civiliza\u00e7\u00e3o chinesa<\/a><\/li>\n<li><a href=\"?p=6542\">A civiliza\u00e7\u00e3o grega<\/a><\/li>\n<li><a href=\"?p=6547 \">A civiliza\u00e7\u00e3o romana<\/a><\/li>\n<li><a href=\"?p=6553\">Funda\u00e7\u00e3o e desenvolvimento do cristianismo<\/a><\/li>\n<li><a href=\"?p=6560 \">As Universidades<\/a><\/li>\n<li><a href=\"?p=6565 \">O Renascimento<\/a><\/li>\n<li><a href=\"?p=6569\">O Humanismo e alguns grandes Humanistas<\/a><\/li>\n<li><a href=\"?p=6574\">A Reforma Protestante<\/a><\/li>\n<li><a href=\"?p=6579\">A Contra-reforma Cat\u00f3lica<\/a><\/li>\n<li><a href=\"?p=6584\">Os grandes marcos na transi\u00e7\u00e3o da \u00c9poca Moderna<\/a><\/li>\n<li><a href=\"?p=6587\">Comenius e o m\u00e9todo educacional moderno<\/a><\/li>\n<li><a href=\"?p=6590\">O desenvolvimento da ci\u00eancia moderna<\/a><\/li>\n<li><a href=\"?p=6595\">O Iluminismo e a sociedade burguesa<\/a><\/li>\n<li><a href=\"?p=6602\">Os grandes pensadores da Educa\u00e7\u00e3o<\/a><\/li>\n<li><a href=\"?p=6607\">Grandes marcos da \u00c9poca Contempor\u00e2nea<\/a><\/li>\n<li><a href=\"?p=6612\">Educa\u00e7\u00e3o e Hist\u00f3ria<\/a><\/li>\n<li><a href=\"?p=6619\">Tend\u00eancia Psicol\u00f3gica<\/a><\/li>\n<li><a href=\"?p=6624\">Tend\u00eancia Tecnol\u00f3gica<\/a><\/li>\n<li><a href=\"?p=6630\">Tend\u00eancia Sociol\u00f3gica<\/a><\/li>\n<li><a href=\"?p=6636\">A Educa\u00e7\u00e3o no Brasil<\/a><\/li>\n<\/ul>\n<p style=\"text-align: center;\">[<a href=\"javascript:history.go(-1)\">Voltar<\/a>]<\/p>\n","protected":false},"excerpt":{"rendered":"","protected":false},"author":1,"featured_media":0,"comment_status":"open","ping_status":"open","sticky":false,"template":"","format":"standard","meta":{"footnotes":""},"categories":[20],"tags":[],"class_list":["post-6487","post","type-post","status-publish","format-standard","hentry","category-historia"],"_links":{"self":[{"href":"https:\/\/antonini.psc.br\/index.php?rest_route=\/wp\/v2\/posts\/6487","targetHints":{"allow":["GET"]}}],"collection":[{"href":"https:\/\/antonini.psc.br\/index.php?rest_route=\/wp\/v2\/posts"}],"about":[{"href":"https:\/\/antonini.psc.br\/index.php?rest_route=\/wp\/v2\/types\/post"}],"author":[{"embeddable":true,"href":"https:\/\/antonini.psc.br\/index.php?rest_route=\/wp\/v2\/users\/1"}],"replies":[{"embeddable":true,"href":"https:\/\/antonini.psc.br\/index.php?rest_route=%2Fwp%2Fv2%2Fcomments&post=6487"}],"version-history":[{"count":1,"href":"https:\/\/antonini.psc.br\/index.php?rest_route=\/wp\/v2\/posts\/6487\/revisions"}],"predecessor-version":[{"id":29839,"href":"https:\/\/antonini.psc.br\/index.php?rest_route=\/wp\/v2\/posts\/6487\/revisions\/29839"}],"wp:attachment":[{"href":"https:\/\/antonini.psc.br\/index.php?rest_route=%2Fwp%2Fv2%2Fmedia&parent=6487"}],"wp:term":[{"taxonomy":"category","embeddable":true,"href":"https:\/\/antonini.psc.br\/index.php?rest_route=%2Fwp%2Fv2%2Fcategories&post=6487"},{"taxonomy":"post_tag","embeddable":true,"href":"https:\/\/antonini.psc.br\/index.php?rest_route=%2Fwp%2Fv2%2Ftags&post=6487"}],"curies":[{"name":"wp","href":"https:\/\/api.w.org\/{rel}","templated":true}]}}