{"id":6542,"date":"2009-10-22T23:35:05","date_gmt":"2009-10-23T02:35:05","guid":{"rendered":"http:\/\/antonini.med.br\/blog\/?p=6542"},"modified":"2025-08-23T00:36:41","modified_gmt":"2025-08-23T00:36:41","slug":"a-civilizacao-grega","status":"publish","type":"post","link":"https:\/\/antonini.psc.br\/?p=6542","title":{"rendered":"A civiliza\u00e7\u00e3o grega"},"content":{"rendered":"<p style=\"text-align: justify;\">A cultura grega \u00e9 a mais valiosa heran\u00e7a da antig\u00fcidade para a cultura e a para a civiliza\u00e7\u00e3o ocidental.<!--more--><\/p>\n<p style=\"text-align: justify;\">Na Gr\u00e9cia se tem o ber\u00e7o da <strong>Filosofia<\/strong>, esta nascendo da necessidade e da busca de explica\u00e7\u00f5es racionais para a realidade, superando o est\u00e1gio das explica\u00e7\u00f5es m\u00edsticas. Vigorosa cren\u00e7a na raz\u00e3o humana.<\/p>\n<p style=\"text-align: justify;\">Na Gr\u00e9cia antiga surgem as primeiras reflex\u00f5es sistem\u00e1ticas sobre a educa\u00e7\u00e3o, assinalando o nascimento da <strong>Pedagogia<\/strong>. A educa\u00e7\u00e3o era vista como atividade destinada \u00e0 forma\u00e7\u00e3o integral do homem.<\/p>\n<h4 style=\"text-align: justify;\">Esparta e o Processo Educacional<\/h4>\n<p style=\"text-align: justify;\">Cidade marcada por institui\u00e7\u00f5es militaristas e autorit\u00e1rias e dividida em classes sociais diversas:<\/p>\n<p style=\"text-align: justify;\"><strong>a &#8211; Espartanos<\/strong>: eram os cidad\u00e3os leg\u00edtimos de Esparta.<\/p>\n<p style=\"text-align: justify;\"><strong>b &#8211; Peri\u00e9cos:<\/strong> compreendia os comerciantes e artes\u00e3os.<\/p>\n<p style=\"text-align: justify;\"><strong>c &#8211; Ilotas <\/strong>eram os escravos e servos presos \u00e0 terra.<\/p>\n<p style=\"text-align: justify;\">A educa\u00e7\u00e3o espartana era baseada na legisla\u00e7\u00e3o legada por <strong>Licurgo<\/strong> e objetivava a forma\u00e7\u00e3o de bons soldados e n\u00e3o fazia distin\u00e7\u00e3o de sexo, pois tanto o menino quanto a menina eram educados pelo Estado a partir dos sete anos de idade. O Espartano era soldado dos sete aos sessenta anos de idade.<\/p>\n<h4 style=\"text-align: justify;\">Atenas e o Processo Educacional<\/h4>\n<p style=\"text-align: justify;\">Atenas era a cidade rival de Esparta e exerceu, durante v\u00e1rios s\u00e9culos a lideran\u00e7a da civiliza\u00e7\u00e3o grega, do ponto de vista cultural, pol\u00edtico e econ\u00f4mico.<\/p>\n<p style=\"text-align: justify;\">A sociedade Ateniense era dividida em tr\u00eas classes principais:<\/p>\n<p style=\"text-align: justify;\"><strong>a &#8211; Eup\u00e1tridas:<\/strong> os verdadeiros atenienses, que tinham todos os direitos pol\u00edticos, se fossem homens.<\/p>\n<p style=\"text-align: justify;\"><strong>b &#8211; Metecos:<\/strong> eram os estrangeiros que, devido \u00e0 <strong><em>xenofobia<\/em><\/strong> <em>(\u00e9 um termo grego e significa medo ou avers\u00e3o \u00e0 estranhos)<\/em> e \u00e0 valoriza\u00e7\u00e3o do Estado Ateniense, eram mal vistos e n\u00e3o tinham direitos pol\u00edticos.<\/p>\n<p style=\"text-align: justify;\"><strong>c &#8211; Escravos:<\/strong> constitu\u00edam-se na maioria da popula\u00e7\u00e3o. Viviam marginalizados e n\u00e3o tinham direito \u00e0 nenhum tipo de participa\u00e7\u00e3o social.<\/p>\n<p style=\"text-align: justify;\">A educa\u00e7\u00e3o em Atenas antiga n\u00e3o era controlada pelo Estado. Desenvolvia-se em escolas particulares. A educa\u00e7\u00e3o de cidad\u00e3o estava voltada para aspectos amplos da vida intelectual. Objetivo: &#8220;<strong>mente s\u00e3 em um corpo s\u00e3o&#8221;<\/strong>, que foi copiado e adaptado ao latim pelos romanos, ficando: <strong><em>&#8220;Mens sana in corpore sanus&#8221;.<\/em><\/strong><\/p>\n<h4 style=\"text-align: justify;\">Os Sofistas<\/h4>\n<p style=\"text-align: justify;\">Os sofistas eram uma esp\u00e9cie de professores viajantes que cobravam pelos seus ensinamentos pr\u00e1ticos e filosofia, esta, nem sempre correspondendo fielmente \u00e0 l\u00f3gica e a estrita interpreta\u00e7\u00e3o do fato e do evento filos\u00f3fico. Davam aulas de eloq\u00fc\u00eancia, argumenta\u00e7\u00e3o e habilidade no manejo das doutrinas divergentes, ou seja, eram capazes de conciliar opostos e harmonizar, atrav\u00e9s da farsa e da argumenta\u00e7\u00e3o bem montada, id\u00e9ias diametralmente opostas e completamente imposs\u00edveis de serem aceitas na pr\u00e1tica, via raz\u00e3o. Ao bem da verdade, os sofistas no fundo n\u00e3o passavam de <strong>h\u00e1beis impostores.<\/strong><\/p>\n<p style=\"text-align: justify;\"><strong><em>Prot\u00e1goras de Abdera<\/em><\/strong> foi um dos sofistas mais conceituados. Afirmou que &#8220;<em>o homem \u00e9 a medida de todas as coisas&#8221;.<\/em> Sua doutrina gerou o subjetivismo relativista.<\/p>\n<p style=\"text-align: justify;\">A educa\u00e7\u00e3o dos sofistas dava \u00eanfase ao valor humano; as virtudes n\u00e3o s\u00e3o privil\u00e9gio da aristocracia; incentivo \u00e0 forma\u00e7\u00e3o de uma cultura geral.<\/p>\n<h4 style=\"text-align: justify;\">S\u00f3crates de Atenas<\/h4>\n<p style=\"text-align: justify;\">Fundamentou sua doutrina no <strong><em>&#8220;Conhece-te a ti mesmo&#8221;<\/em><\/strong> e utilizou como m\u00e9todo educacional o <strong>di\u00e1logo cr\u00edtico<\/strong>, dividido em duas partes:<\/p>\n<p style=\"text-align: justify;\">a &#8211; <strong>Ironia: <\/strong>o interlocutor acabava reconhecendo sua ignor\u00e2ncia;<\/p>\n<p style=\"text-align: justify;\">b &#8211;<strong> Mai\u00eautica:<\/strong> ajudava o interlocutor a conceber suas pr\u00f3prias id\u00e9ias.<\/p>\n<p style=\"text-align: justify;\">Devido \u00e0 abrang\u00eancia e a for\u00e7a de suas id\u00e9ias e ainda, devido ao prest\u00edgio e influ\u00eancia que exercia sobre os jovens, <strong>S\u00f3crates<\/strong> acabou acusado de desordem, desestabiliza\u00e7\u00e3o do poder e ainda, <strong>corrup\u00e7\u00e3o de jovens<\/strong>, jovens estes que eram a raz\u00e3o de sua exist\u00eancia e doutrina.<\/p>\n<h4 style=\"text-align: justify;\">Plat\u00e3o de Atenas<\/h4>\n<p style=\"text-align: justify;\">Em <strong>A REP\u00daBLICA<\/strong>, Plat\u00e3o concebeu uma sociedade ideal, composta de tr\u00eas classes sociais:<\/p>\n<p style=\"text-align: justify;\">a &#8211; <strong>Governantes:<\/strong> reis e fil\u00f3sofos;<\/p>\n<p style=\"text-align: justify;\">b &#8211; <strong>Militares:<\/strong> os bra\u00e7os dos reis fil\u00f3sofos;<\/p>\n<p style=\"text-align: justify;\">c &#8211; <strong>Povo:<\/strong> produtores dos bens materiais, sem direitos pol\u00edticos.<\/p>\n<p style=\"text-align: justify;\">Na educa\u00e7\u00e3o estabeleceu etapas precisas para o processo de educa\u00e7\u00e3o, inspirando-se nas institui\u00e7\u00f5es espartanas.<\/p>\n<h4 style=\"text-align: justify;\">Arist\u00f3teles de Estagira<\/h4>\n<p style=\"text-align: justify;\">O princ\u00edpio fundamental da educa\u00e7\u00e3o para este fil\u00f3sofo era a natureza do aluno, a forma\u00e7\u00e3o de h\u00e1bitos virtuosos, a orienta\u00e7\u00e3o racional.<\/p>\n<p style=\"text-align: justify;\">Virtude \u00e9 a pr\u00e1tica do bem, conduzida pela consci\u00eancia racional. Representa o equil\u00edbrio entre o excesso e a aus\u00eancia de atributos antag\u00f4nicos.<\/p>\n<p style=\"text-align: justify;\">Processo do conhecimento: percep\u00e7\u00e3o, memoriza\u00e7\u00e3o do percebido e aplica\u00e7\u00e3o dos conte\u00fados memorizados, relacionando-os entre si.<\/p>\n<p style=\"text-align: center;\">[<a href=\"javascript:history.go(-1)\">Voltar<\/a>]<\/p>\n","protected":false},"excerpt":{"rendered":"<p>A cultura grega \u00e9 a mais valiosa heran\u00e7a da antig\u00fcidade para a cultura e a para a civiliza\u00e7\u00e3o ocidental.<\/p>\n","protected":false},"author":1,"featured_media":0,"comment_status":"open","ping_status":"open","sticky":false,"template":"","format":"standard","meta":{"footnotes":""},"categories":[20],"tags":[],"class_list":["post-6542","post","type-post","status-publish","format-standard","hentry","category-historia"],"_links":{"self":[{"href":"https:\/\/antonini.psc.br\/index.php?rest_route=\/wp\/v2\/posts\/6542","targetHints":{"allow":["GET"]}}],"collection":[{"href":"https:\/\/antonini.psc.br\/index.php?rest_route=\/wp\/v2\/posts"}],"about":[{"href":"https:\/\/antonini.psc.br\/index.php?rest_route=\/wp\/v2\/types\/post"}],"author":[{"embeddable":true,"href":"https:\/\/antonini.psc.br\/index.php?rest_route=\/wp\/v2\/users\/1"}],"replies":[{"embeddable":true,"href":"https:\/\/antonini.psc.br\/index.php?rest_route=%2Fwp%2Fv2%2Fcomments&post=6542"}],"version-history":[{"count":1,"href":"https:\/\/antonini.psc.br\/index.php?rest_route=\/wp\/v2\/posts\/6542\/revisions"}],"predecessor-version":[{"id":29830,"href":"https:\/\/antonini.psc.br\/index.php?rest_route=\/wp\/v2\/posts\/6542\/revisions\/29830"}],"wp:attachment":[{"href":"https:\/\/antonini.psc.br\/index.php?rest_route=%2Fwp%2Fv2%2Fmedia&parent=6542"}],"wp:term":[{"taxonomy":"category","embeddable":true,"href":"https:\/\/antonini.psc.br\/index.php?rest_route=%2Fwp%2Fv2%2Fcategories&post=6542"},{"taxonomy":"post_tag","embeddable":true,"href":"https:\/\/antonini.psc.br\/index.php?rest_route=%2Fwp%2Fv2%2Ftags&post=6542"}],"curies":[{"name":"wp","href":"https:\/\/api.w.org\/{rel}","templated":true}]}}