{"id":6547,"date":"2009-10-22T23:41:59","date_gmt":"2009-10-23T02:41:59","guid":{"rendered":"http:\/\/antonini.med.br\/blog\/?p=6547"},"modified":"2025-08-23T00:36:40","modified_gmt":"2025-08-23T00:36:40","slug":"a-civilizacao-romana","status":"publish","type":"post","link":"https:\/\/antonini.psc.br\/?p=6547","title":{"rendered":"A civiliza\u00e7\u00e3o romana"},"content":{"rendered":"<p style=\"text-align: justify;\">Durante o Imp\u00e9rio Roma enfrentou inicialmente per\u00edodos de paz, a dita: &#8220;Pax Romanna&#8221;, passando por per\u00edodos de grandes turbul\u00eancias causadas pela decad\u00eancia moral da aristocracia e da pobreza cruel que assolava o povo, indo at\u00e9 as disputas pelo poder que acabaram por aniquilar a capacidade de realiza\u00e7\u00e3o e de defesa da cidade e do imp\u00e9rio, culminando com sua queda em 476d.C.<!--more--><br \/>\nA cultura romana caracterizava-se pela assimila\u00e7\u00e3o da heran\u00e7a filos\u00f3fica, cient\u00edfica e art\u00edstica dos gregos. Destacaram-se, de sobremaneira, a capacidade de organiza\u00e7\u00e3o e o senso pr\u00e1tico. O objetivo era solucionar os problemas da administra\u00e7\u00e3o de um grande e complexo imp\u00e9rio. O direito romano \u00e9 a grande contribui\u00e7\u00e3o legada \u00e0 civiliza\u00e7\u00e3o ocidental.<\/p>\n<p style=\"text-align: justify;\">Em Roma antiga existiam apenas duas classes sociais:<br \/>\na &#8211; <strong>Patr\u00edcios<\/strong>: donos das terras e dos meios de produ\u00e7\u00e3o e ainda eram os governantes e os sacerdotes do culto polite\u00edsta romano.<br \/>\nb &#8211; <strong>Plebeus<\/strong>: era o dito pov\u00e3o. Inicialmente eram destitu\u00eddos de direitos pol\u00edticos, mas os conquistaram paulatinamente, atrav\u00e9s de lutas seculares para aprova\u00e7\u00e3o das leis: Calunia; Hort\u00eansia; da XII t\u00e1buas; og\u00falnia; e muitas outras que levaram s\u00e9culos para serem aprovadas e postas em pr\u00e1tica.\n<\/p>\n<p style=\"text-align: justify;\">Havia tamb\u00e9m em Roma antiga, milhares de escravos que n\u00e3o possu\u00edam direito algum, sequer tinham direito \u00e0 pr\u00f3pria vida.<\/p>\n<h4 style=\"text-align: justify;\">Principais Per\u00edodos da Educa\u00e7\u00e3o Romana<\/h4>\n<p style=\"text-align: justify;\">Primitivamente, do s\u00e9culo V ao IIIa.C., a educa\u00e7\u00e3o era familiar e dirigida pelo pai (o Pater Famillia). e restrita aos patr\u00edcios. Aprendia-se a ler, escrever e contar. Conte\u00fado pr\u00e1tico relativo \u00e0 agricultura, guerra e pol\u00edtica.<\/p>\n<p style=\"text-align: justify;\">Sob a influ\u00eancia grega, dos s\u00e9culos III ao s\u00e9culo Ia.C., fundaram-se escolas particulares, comandadas por mestres gregos e organizaram-se os tr\u00eas n\u00edveis fundamentais do ensino:<\/p>\n<p style=\"text-align: justify;\">a &#8211; <strong>Educa\u00e7\u00e3o prim\u00e1ria;<\/strong><\/p>\n<p style=\"text-align: justify;\">b &#8211; <strong>Educa\u00e7\u00e3o secund\u00e1ria;<\/strong><\/p>\n<p style=\"text-align: justify;\">c &#8211; <strong>Educa\u00e7\u00e3o superior.<\/strong><\/p>\n<p style=\"text-align: justify;\">Do s\u00e9culo Ia.C. ao s\u00e9culo Vd.C., surgiram as <strong>escolas p\u00fablicas,<\/strong> patrocinadas pelo Estado, as Escolas Imperiais. O conte\u00fado, os m\u00e9todos e a organiza\u00e7\u00e3o do ensino p\u00fablico pouco mudaram. O imp\u00e9rio[ criou escolas para difundir a cultura greco-romana por diversas prov\u00ednciarquia, de 753 a 509a.C., cujo primeiro rei foi R\u00f4mulo, o lend\u00e1rio fundador da cidade e o \u00faltimo foi Tarqu\u00ednio, o soberbo, destronado devido a uma revolta popular causada pelo epis\u00f3dio conhecido historicamente por viola\u00e7\u00e3o de Lucr\u00e9cia, ou seja, o estupro de Lucr\u00e9cia praticado pelo filho do Tarqu\u00ednio.<\/p>\n<p style=\"text-align: justify;\">b &#8211; <strong>Rep\u00fablica<\/strong>, de 509a.C. a 27a.C., quando Oct\u00e1viano, sobrinho e herdeiro de J\u00falio C\u00e9sar coroou-se primeiro imperador com o t\u00edtulo de C\u00e9sar Augusto. Durante a rep\u00fablica, Roma alcan\u00e7ou o seu auge expansionista e o apogeu de sua riqueza e de sua cultura.<\/p>\n<p style=\"text-align: justify;\">c &#8211; <strong>Imp\u00e9rio<\/strong>, de 27a.C at\u00e9 476d.C., mais precisamente, da coroa\u00e7\u00e3o de Octaviano at\u00e9 a queda de Roma sob os B\u00e1rbaros de Odoacro, fato este que marca o final da idade antiga e as.<\/p>\n<h4 style=\"text-align: justify;\">Quintiliano: o Grande Pedagogo Romano<\/h4>\n<p style=\"text-align: justify;\">Em sua obra principal, De Instituitione Orat\u00f3ria (a educa\u00e7\u00e3o do orador), preconizava as seguintes etapas para a educa\u00e7\u00e3o:<\/p>\n<p style=\"text-align: justify;\">a &#8211; <strong>Familiar;<\/strong><\/p>\n<p style=\"text-align: justify;\">b &#8211; <strong>Elementar;<\/strong><\/p>\n<p style=\"text-align: justify;\">c &#8211; <strong>Secund\u00e1ria;<\/strong><\/p>\n<p style=\"text-align: justify;\">d &#8211; <strong>Superior.<\/strong><\/p>\n<p style=\"text-align: justify;\">Para Quintiliano, o orador deveria ter as seguintes qualidades essenciais: ampla viv\u00eancia liter\u00e1ria; linguagem clara, correta, rica e elegante; conhecimento da psicologia humana; gesticula\u00e7\u00e3o adequada; consci\u00eancia moral; e deveria defender valores como: o lado pr\u00e1tico da vida; o senso de organiza\u00e7\u00e3o; a memoriza\u00e7\u00e3o e imita\u00e7\u00e3o; o desprezo pela especula\u00e7\u00e3o filos\u00f3fica. Quintiliano defendia a necessidade da avalia\u00e7\u00e3o da personalidade do aluno e dizia que a educa\u00e7\u00e3o deveria ter por princ\u00edpio a vontade de aprender, que n\u00e3o pode ser imposta, mas estimulada.<\/p>\n<p style=\"text-align: center;\">[<a href=\"javascript:history.go(-1)\">Voltar<\/a>]<\/p>\n","protected":false},"excerpt":{"rendered":"<p>Durante o Imp\u00e9rio Roma enfrentou inicialmente per\u00edodos de paz, a dita: &#8220;Pax Romanna&#8221;, passando por per\u00edodos de grandes turbul\u00eancias causadas pela decad\u00eancia moral da aristocracia e da pobreza cruel que assolava o povo, indo at\u00e9 as disputas pelo poder que acabaram por aniquilar a capacidade de realiza\u00e7\u00e3o e de defesa da cidade e do imp\u00e9rio, [&hellip;]<\/p>\n","protected":false},"author":1,"featured_media":0,"comment_status":"open","ping_status":"open","sticky":false,"template":"","format":"standard","meta":{"footnotes":""},"categories":[20],"tags":[],"class_list":["post-6547","post","type-post","status-publish","format-standard","hentry","category-historia"],"_links":{"self":[{"href":"https:\/\/antonini.psc.br\/index.php?rest_route=\/wp\/v2\/posts\/6547","targetHints":{"allow":["GET"]}}],"collection":[{"href":"https:\/\/antonini.psc.br\/index.php?rest_route=\/wp\/v2\/posts"}],"about":[{"href":"https:\/\/antonini.psc.br\/index.php?rest_route=\/wp\/v2\/types\/post"}],"author":[{"embeddable":true,"href":"https:\/\/antonini.psc.br\/index.php?rest_route=\/wp\/v2\/users\/1"}],"replies":[{"embeddable":true,"href":"https:\/\/antonini.psc.br\/index.php?rest_route=%2Fwp%2Fv2%2Fcomments&post=6547"}],"version-history":[{"count":1,"href":"https:\/\/antonini.psc.br\/index.php?rest_route=\/wp\/v2\/posts\/6547\/revisions"}],"predecessor-version":[{"id":29829,"href":"https:\/\/antonini.psc.br\/index.php?rest_route=\/wp\/v2\/posts\/6547\/revisions\/29829"}],"wp:attachment":[{"href":"https:\/\/antonini.psc.br\/index.php?rest_route=%2Fwp%2Fv2%2Fmedia&parent=6547"}],"wp:term":[{"taxonomy":"category","embeddable":true,"href":"https:\/\/antonini.psc.br\/index.php?rest_route=%2Fwp%2Fv2%2Fcategories&post=6547"},{"taxonomy":"post_tag","embeddable":true,"href":"https:\/\/antonini.psc.br\/index.php?rest_route=%2Fwp%2Fv2%2Ftags&post=6547"}],"curies":[{"name":"wp","href":"https:\/\/api.w.org\/{rel}","templated":true}]}}